{"id":24282,"date":"2011-09-14T20:35:07","date_gmt":"2011-09-14T23:35:07","guid":{"rendered":"http:\/\/www.r2cpress.com.br\/v1\/?p=24282"},"modified":"2011-09-14T20:35:07","modified_gmt":"2011-09-14T23:35:07","slug":"roberto-carlos-rodrigues-em-a-saga-de-notwen-calunga","status":"publish","type":"post","link":"https:\/\/www.r2cpress.com.br\/v1\/2011\/09\/14\/roberto-carlos-rodrigues-em-a-saga-de-notwen-calunga\/","title":{"rendered":"Roberto Carlos Rodrigues em: A Saga de Notwen Calunga"},"content":{"rendered":"<p><span style=\"font-family: Verdana; font-size: small;\"><img loading=\"lazy\" class=\"alignleft\" src=\"http:\/\/www.r2cpress.com.br\/v1\/wp-content\/uploads\/ROBERTO-RODRIGUES-FOTO-NOVA.jpg\" alt=\"\" width=\"300\" height=\"138\" \/>Naqueles tempos o Brasil era conhecido como Pindorama e a regi\u00e3o de Ilh\u00e9us se chamava Nhoesemb\u00e9. Na Praia das Conchas viviam os \u00edndios Tupis e entre eles o <em>ab\u00e1<\/em> Notwen Calunga, ex\u00edmo atleta, fluido nadador e principalmente encantador de cora\u00e7\u00f5es das belas <em>cunh\u00e3s<\/em>. Notwen Calunga tinha uma farta cabeleira, a qual cuidava diariamente com \u00f3leo de copa\u00edba e banhas de <em>guar\u00e1s<\/em>. Notwen era um homem contemplativo e gostava de ficar na sua oca no cume do Monte da Ju\u00e7ara olhando o <\/span><strong><span style=\"font-family: Verdana; font-size: small;\"><em>mbara<\/em><\/span><\/strong><span style=\"font-family: Verdana; font-size: small;\"> se perder nos dom\u00ednios de <em>Iara<\/em>. Notwen n\u00e3o era o que se podia se chamar de grande guerreiro. Preferia o sono \u00e0 guerra e o esporte ao trabalho. S\u00f3 pescava quando precisava comer e s\u00f3 ca\u00e7ava para se manter atl\u00e9tico. Dessa forma viveu feliz Notwen Calunga at\u00e9 o dia que, por descuido do destino, ele tomou uns <em>cauins<\/em> a mais e se candidatou ao cargo de sub-<\/span><strong><span style=\"font-family: Verdana; font-size: small;\">morubixaba<\/span><\/strong><span style=\"font-family: Verdana; font-size: small;\"> dos \u00edndios da Praia das Conchas. N\u00e3o tardou a elei\u00e7\u00e3o ganha e o <\/span><strong><span style=\"font-family: Verdana; font-size: small;\">morubixaba<\/span><\/strong><span style=\"font-family: Verdana; font-size: small;\"> Barriga-Mole se envolveu numas maracutaias medonhas e foi expulso da aldeia de Nhoesemb\u00e9. Notwen teve ent\u00e3o de assumir o cargo principal. Naquele dia, come\u00e7ou o seu <em>apecum<\/em> movido a <em>nhenhenh\u00e9m <\/em>e seu <em>a\u00f1aret\u00e1 <\/em>de <em>ibituruna<\/em>. Pobre Notwen, nascido para viver na beira-mar ao sabor dos ventos, teve de ser <\/span><span style=\"font-family: Verdana; font-size: small;\">morubixaba<\/span><span style=\"font-family: Verdana; font-size: small;\"> sem querer e saber e cuidar de um povo com esperan\u00e7a abalada. Cercado de todo tipo de <em>goitac\u00e1s<\/em>, ele logo descobriu que n\u00e3o era f\u00e1cil tocar o <em>marac\u00e1<\/em> nem t\u00e3o pouco ensinar as <em>jeroquis<\/em> dos <em>jabr\u00f3s.<\/em> Notwen, que era sorridente e festeiro, logo ficou <em>muzumbudo e triste<\/em><em>. <\/em><em>Era o peso da responsabilidade <\/em><\/span><strong><span style=\"font-family: Verdana; font-size: small;\">morubixabista<\/span><\/strong><span style=\"font-family: Verdana; font-size: small;\"><em>. <\/em><\/span><span style=\"font-family: Verdana; font-size: small;\"><em>No outrora corpo atl\u00e9tico e moreno, come\u00e7aram surgir dores de todos os tipos de sortes e azares. Os amigos se afastaram e os <\/em><\/span><span style=\"font-family: Verdana; font-size: small;\"><em>macuins<\/em><\/span><span style=\"font-family: Verdana; font-size: small;\"><em> das coisas p\u00fablicas rondavam nas sombras da grande tapa das decis\u00f5es. Um dia, sem mais nem menos, Notwen Calunga teve um piripaque provocado por um angu de caro\u00e7os azedos e quase bateu a ca\u00e7oleta. Levado \u00e1s pressas de canoa para a tribo dos Tabar\u00e9us, ele foi atendido prontamente pelo paj\u00e9 <\/em><\/span><span style=\"font-family: Verdana; font-size: small;\"><strong>Sagua\u00e7u, homem de grande sabedoria<\/strong> <strong>que<\/strong><\/span><span style=\"font-family: Verdana; font-size: small;\"><em> logo o diagnosticou. Alertou o paj\u00e9 <\/em><\/span><span style=\"font-family: Verdana; font-size: small;\">Sagua\u00e7u<\/span><span style=\"font-family: Verdana; font-size: small;\"><em> como quem faz uma profecia: &#8211; Notwen Calunga, voc\u00ea j\u00e1 ouviu a m\u00fasica Vamos Dan\u00e7ar, de Ed Mota? A sua cura est\u00e1 naquela letra. Ou\u00e7a-a j\u00e1, pelo amor de Tup\u00e3, sen\u00e3o a\u00ed&#8230; A\u00ed, j\u00e1 \u00e9 outra est\u00f3ria.<\/em><\/span><\/p>\n","protected":false},"excerpt":{"rendered":"<p>Naqueles tempos o Brasil era conhecido como Pindorama e a regi\u00e3o de Ilh\u00e9us se chamava Nhoesemb\u00e9. Na Praia das Conchas viviam os \u00edndios Tupis e entre eles o ab\u00e1 Notwen Calunga, ex\u00edmo atleta, fluido nadador e principalmente encantador de cora\u00e7\u00f5es das belas cunh\u00e3s. Notwen Calunga tinha uma farta cabeleira, a qual cuidava diariamente com \u00f3leo [&hellip;]<\/p>\n","protected":false},"author":2,"featured_media":0,"comment_status":"open","ping_status":"open","sticky":false,"template":"","format":"standard","meta":{"_links_to":"","_links_to_target":""},"categories":[10],"tags":[],"_links":{"self":[{"href":"https:\/\/www.r2cpress.com.br\/v1\/wp-json\/wp\/v2\/posts\/24282"}],"collection":[{"href":"https:\/\/www.r2cpress.com.br\/v1\/wp-json\/wp\/v2\/posts"}],"about":[{"href":"https:\/\/www.r2cpress.com.br\/v1\/wp-json\/wp\/v2\/types\/post"}],"author":[{"embeddable":true,"href":"https:\/\/www.r2cpress.com.br\/v1\/wp-json\/wp\/v2\/users\/2"}],"replies":[{"embeddable":true,"href":"https:\/\/www.r2cpress.com.br\/v1\/wp-json\/wp\/v2\/comments?post=24282"}],"version-history":[{"count":3,"href":"https:\/\/www.r2cpress.com.br\/v1\/wp-json\/wp\/v2\/posts\/24282\/revisions"}],"predecessor-version":[{"id":24285,"href":"https:\/\/www.r2cpress.com.br\/v1\/wp-json\/wp\/v2\/posts\/24282\/revisions\/24285"}],"wp:attachment":[{"href":"https:\/\/www.r2cpress.com.br\/v1\/wp-json\/wp\/v2\/media?parent=24282"}],"wp:term":[{"taxonomy":"category","embeddable":true,"href":"https:\/\/www.r2cpress.com.br\/v1\/wp-json\/wp\/v2\/categories?post=24282"},{"taxonomy":"post_tag","embeddable":true,"href":"https:\/\/www.r2cpress.com.br\/v1\/wp-json\/wp\/v2\/tags?post=24282"}],"curies":[{"name":"wp","href":"https:\/\/api.w.org\/{rel}","templated":true}]}}