{"id":24286,"date":"2011-09-14T21:00:38","date_gmt":"2011-09-15T00:00:38","guid":{"rendered":"http:\/\/www.r2cpress.com.br\/v1\/?p=24286"},"modified":"2011-09-14T21:00:38","modified_gmt":"2011-09-15T00:00:38","slug":"ilheense-e-destaque-no-radical-wave-bodyboarding-show","status":"publish","type":"post","link":"https:\/\/www.r2cpress.com.br\/v1\/2011\/09\/14\/ilheense-e-destaque-no-radical-wave-bodyboarding-show\/","title":{"rendered":"Ilheense \u00e9 destaque no Radical Wave Bodyboarding Show<\/span>"},"content":{"rendered":"<p>   <center><strong> Ganso no p\u00f3dio<\/strong><br \/>\n<div id=\"attachment_24287\" style=\"width: 310px\" class=\"wp-caption aligncenter\"><a href=\"http:\/\/www.r2cpress.com.br\/v1\/wp-content\/uploads\/fabio-duarte.jpg\"><img aria-describedby=\"caption-attachment-24287\" loading=\"lazy\" src=\"http:\/\/www.r2cpress.com.br\/v1\/wp-content\/uploads\/fabio-duarte-300x187.jpg\" alt=\"\" title=\"fabio duarte\" width=\"300\" height=\"187\" class=\"size-medium wp-image-24287\" srcset=\"https:\/\/www.r2cpress.com.br\/v1\/wp-content\/uploads\/fabio-duarte-300x187.jpg 300w, https:\/\/www.r2cpress.com.br\/v1\/wp-content\/uploads\/fabio-duarte.jpg 715w\" sizes=\"(max-width: 300px) 100vw, 300px\" \/><\/a><p id=\"caption-attachment-24287\" class=\"wp-caption-text\">Clique para AMPLIAR.<\/p><\/div><\/center><\/p>\n<p>    O bodyboarder Ilheense F\u00e1bio Duarte sobrinho conhecido como Ganso representou a terra da regi\u00e3o cacaueira no s\u00e1bado (10\/9) no Radical Wave Bahia Bodyboarding Show 2011.<\/p>\n<p>    Depois de muitos confrontos acirrados nas baterias que disputava desde a \u00faltima quarta-feira (7\/9) nas categorias Sub 16, o atleta de Ilh\u00e9us alcan\u00e7ou o feito in\u00e9dito na carreira estreando na segunda etapa do tour nacional.<\/p>\n<p>    F\u00e1bio sabia que seria dif\u00edcil disputar contra 3 Cariocas na final e foi o que aconteceu, \u201c Quando eu remava em algumas ondas eles seguravam meu p\u00e9 pra n\u00e3o descer onda, acenava para o palanque mas nada adiantava\u201d Falou F\u00e1bio.<\/p>\n<p>    Passado o tempo, nos acr\u00e9scimos Duarte sobrinho achou uma onda que lhe rendeu um bom resultado contra os cariocas. Com duas ondas s\u00f3lidas ( 6,00 e 4,25 pontos) num momento dif\u00edcil da mar\u00e9 em que as ondas ficaram pequenas, ele conseguiu arrancar o segundo lugar.<\/p>\n<p>    O Bairro Hernani S\u00e1 em Ilh\u00e9us j\u00e1 revelou grandes atletas de fortes talentos como o Bodyboard Neto Pit Bull campe\u00e3o Sul baiano 2010, e disputando uma etapa do mundial em salvador, no Surf Bruno Galine, campe\u00e3o nordestino 2010 e conquistando uma etapa do Brasileiro profissional, e agora a revela\u00e7\u00e3o F\u00e1bio Duarte sobrinho estreando em brasileiro sendo vice- campe\u00e3o na categoria sub 16.<\/p>\n<p>    Resultado do Radical Wave Bahia Bodyboarding Show<br \/>\n    Sub 16<\/p>\n<p>    1 Adriano Barreto (RJ)<br \/>\n    2 F\u00e1bio Sobrinho (BA)<br \/>\n    3 Adejaldo da Silva (RJ)<br \/>\n    4 S\u00f3crates Santana (RJ)<\/p>\n<p><strong>&#8212;<br \/>\nJorge Reis Brito<\/strong><\/p>\n","protected":false},"excerpt":{"rendered":"<p>Ganso no p\u00f3dio O bodyboarder Ilheense F\u00e1bio Duarte sobrinho conhecido como Ganso representou a terra da regi\u00e3o cacaueira no s\u00e1bado (10\/9) no Radical Wave Bahia Bodyboarding Show 2011. Depois de muitos confrontos acirrados nas baterias que disputava desde a \u00faltima quarta-feira (7\/9) nas categorias Sub 16, o atleta de Ilh\u00e9us alcan\u00e7ou o feito in\u00e9dito na [&hellip;]<\/p>\n","protected":false},"author":2,"featured_media":0,"comment_status":"open","ping_status":"open","sticky":false,"template":"","format":"standard","meta":{"_links_to":"","_links_to_target":""},"categories":[11],"tags":[],"_links":{"self":[{"href":"https:\/\/www.r2cpress.com.br\/v1\/wp-json\/wp\/v2\/posts\/24286"}],"collection":[{"href":"https:\/\/www.r2cpress.com.br\/v1\/wp-json\/wp\/v2\/posts"}],"about":[{"href":"https:\/\/www.r2cpress.com.br\/v1\/wp-json\/wp\/v2\/types\/post"}],"author":[{"embeddable":true,"href":"https:\/\/www.r2cpress.com.br\/v1\/wp-json\/wp\/v2\/users\/2"}],"replies":[{"embeddable":true,"href":"https:\/\/www.r2cpress.com.br\/v1\/wp-json\/wp\/v2\/comments?post=24286"}],"version-history":[{"count":3,"href":"https:\/\/www.r2cpress.com.br\/v1\/wp-json\/wp\/v2\/posts\/24286\/revisions"}],"predecessor-version":[{"id":24290,"href":"https:\/\/www.r2cpress.com.br\/v1\/wp-json\/wp\/v2\/posts\/24286\/revisions\/24290"}],"wp:attachment":[{"href":"https:\/\/www.r2cpress.com.br\/v1\/wp-json\/wp\/v2\/media?parent=24286"}],"wp:term":[{"taxonomy":"category","embeddable":true,"href":"https:\/\/www.r2cpress.com.br\/v1\/wp-json\/wp\/v2\/categories?post=24286"},{"taxonomy":"post_tag","embeddable":true,"href":"https:\/\/www.r2cpress.com.br\/v1\/wp-json\/wp\/v2\/tags?post=24286"}],"curies":[{"name":"wp","href":"https:\/\/api.w.org\/{rel}","templated":true}]}}