{"id":24302,"date":"2011-09-15T08:31:55","date_gmt":"2011-09-15T11:31:55","guid":{"rendered":"http:\/\/www.r2cpress.com.br\/v1\/?p=24302"},"modified":"2011-09-15T08:31:56","modified_gmt":"2011-09-15T11:31:56","slug":"bebeto-canta-alcione-e-convida","status":"publish","type":"post","link":"https:\/\/www.r2cpress.com.br\/v1\/2011\/09\/15\/bebeto-canta-alcione-e-convida\/","title":{"rendered":"Bebeto CANTA Alcione e CONVIDA"},"content":{"rendered":"<p><strong>\u00c9 hoje a reapresenta\u00e7\u00e3o do show BEBETO CANTA ALCIONE E CONVIDA.<br \/>\n15 de setembro de 2011 \u00e0s 20 horas no TEATRO MUNICIPAL DE ILH\u00c9US.<br \/>\nQuer saber mais?<br \/>\nLigue 8821 &#8211; 5018.<\/strong><br \/>\n<b><center>CASA CHEIA &#8211; COM CERTEZA <\/center><\/b><\/p>\n","protected":false},"excerpt":{"rendered":"<p>\u00c9 hoje a reapresenta\u00e7\u00e3o do show BEBETO CANTA ALCIONE E CONVIDA. 15 de setembro de 2011 \u00e0s 20 horas no TEATRO MUNICIPAL DE ILH\u00c9US. Quer saber mais? Ligue 8821 &#8211; 5018. CASA CHEIA &#8211; COM CERTEZA<\/p>\n","protected":false},"author":2,"featured_media":0,"comment_status":"open","ping_status":"open","sticky":false,"template":"","format":"standard","meta":{"_links_to":"","_links_to_target":""},"categories":[5],"tags":[],"_links":{"self":[{"href":"https:\/\/www.r2cpress.com.br\/v1\/wp-json\/wp\/v2\/posts\/24302"}],"collection":[{"href":"https:\/\/www.r2cpress.com.br\/v1\/wp-json\/wp\/v2\/posts"}],"about":[{"href":"https:\/\/www.r2cpress.com.br\/v1\/wp-json\/wp\/v2\/types\/post"}],"author":[{"embeddable":true,"href":"https:\/\/www.r2cpress.com.br\/v1\/wp-json\/wp\/v2\/users\/2"}],"replies":[{"embeddable":true,"href":"https:\/\/www.r2cpress.com.br\/v1\/wp-json\/wp\/v2\/comments?post=24302"}],"version-history":[{"count":2,"href":"https:\/\/www.r2cpress.com.br\/v1\/wp-json\/wp\/v2\/posts\/24302\/revisions"}],"predecessor-version":[{"id":24304,"href":"https:\/\/www.r2cpress.com.br\/v1\/wp-json\/wp\/v2\/posts\/24302\/revisions\/24304"}],"wp:attachment":[{"href":"https:\/\/www.r2cpress.com.br\/v1\/wp-json\/wp\/v2\/media?parent=24302"}],"wp:term":[{"taxonomy":"category","embeddable":true,"href":"https:\/\/www.r2cpress.com.br\/v1\/wp-json\/wp\/v2\/categories?post=24302"},{"taxonomy":"post_tag","embeddable":true,"href":"https:\/\/www.r2cpress.com.br\/v1\/wp-json\/wp\/v2\/tags?post=24302"}],"curies":[{"name":"wp","href":"https:\/\/api.w.org\/{rel}","templated":true}]}}