{"id":24326,"date":"2011-09-15T17:47:04","date_gmt":"2011-09-15T20:47:04","guid":{"rendered":"http:\/\/www.r2cpress.com.br\/v1\/?p=24326"},"modified":"2011-09-15T17:47:04","modified_gmt":"2011-09-15T20:47:04","slug":"ciretran-de-ilheus-concentra-acoes-para-a-semana-nacional-do-transito","status":"publish","type":"post","link":"https:\/\/www.r2cpress.com.br\/v1\/2011\/09\/15\/ciretran-de-ilheus-concentra-acoes-para-a-semana-nacional-do-transito\/","title":{"rendered":"Ciretran de Ilh\u00e9us concentra a\u00e7\u00f5es  para a Semana Nacional do Tr\u00e2nsito"},"content":{"rendered":"<p><div id=\"attachment_24327\" style=\"width: 310px\" class=\"wp-caption alignright\"><a href=\"http:\/\/www.r2cpress.com.br\/v1\/wp-content\/uploads\/FOTO-2.jpg\"><img aria-describedby=\"caption-attachment-24327\" loading=\"lazy\" src=\"http:\/\/www.r2cpress.com.br\/v1\/wp-content\/uploads\/FOTO-2-300x144.jpg\" alt=\"\" title=\"SONY DSC\" width=\"300\" height=\"144\" class=\"size-medium wp-image-24327\" srcset=\"https:\/\/www.r2cpress.com.br\/v1\/wp-content\/uploads\/FOTO-2-300x144.jpg 300w, https:\/\/www.r2cpress.com.br\/v1\/wp-content\/uploads\/FOTO-2.jpg 680w\" sizes=\"(max-width: 300px) 100vw, 300px\" \/><\/a><p id=\"caption-attachment-24327\" class=\"wp-caption-text\">(E) V\u00edctor Magalh\u00e3es (assessor do Setor de Guarda e Apreens\u00e3o de Ve\u00edculos), Maria Luiza Clement e Antonio Ock\u00e9. <\/p><\/div>A Ciretran de Ilh\u00e9us realiza de 18 a 23 deste m\u00eas, a Semana Nacional do Tr\u00e2nsito, que este ano tem como tema \u201cD\u00e9cada mundial de a\u00e7\u00f5es para a seguran\u00e7a. Juntos podemos salvar milh\u00f5es de vidas\u201d. A abertura acontece com trabalho educativo e panfletagem, na avenida Lomanto J\u00fanior, das 9 \u00e0s 11 horas. Nos demais dias v\u00e3o ocorrer nos dois turnos, palestras dirigidas para estudantes de escolas p\u00fablicas, na sede da Caerc, no Distrito Industrial e outras a\u00e7\u00f5es voltadas para motociclistas, no centro da cidade.<\/p>\n<p>O diretor-regional do \u00f3rg\u00e3o em Ilh\u00e9us, Antonio Ock\u00e9, explica que a Semana do Tr\u00e2nsito deste ano traz como orienta\u00e7\u00e3o temas que ser\u00e3o trabalhados na \u00e1rea de jurisdi\u00e7\u00e3o da 13\u00aa Ciretran, que s\u00e3o o comportamento e seguran\u00e7a dos usu\u00e1rios e dos ve\u00edculos, gest\u00e3o nacional da seguran\u00e7a no tr\u00e2nsito, infraestrutura vi\u00e1ria adequada e atendimento ao trauma, assist\u00eancia pr\u00e9-hospitalar e \u00e0 reabilita\u00e7\u00e3o. <\/p>\n<p><!--more--><\/p>\n<p>Antonio Ock\u00e9 lembra que estas a\u00e7\u00f5es preventivas e educativas t\u00eam o car\u00e1ter de conscientizar as pessoas para o grande \u00edndice de fatalidades ocorridas no tr\u00e2nsito. Segundo dados do Detran, a Bahia ocupa o terceiro lugar do nordeste em n\u00famero de mortes nas rodovias. Cerca de 38 mil pessoas morrem em acidentes de tr\u00e2nsito no Brasil e uma m\u00e9dia de 124 mil interna\u00e7\u00f5es com les\u00f5es. J\u00e1 com os motociclistas tem o registro de 32,5% deste percentual de internamentos.<\/p>\n<p>J\u00e1 a assessora da 13\u00aa Ciretran, Maria Luiza Clement, informa que as Auto-Escolas Bastos e Santa Cec\u00edlia v\u00e3o sortear quatro bolsas de primeira carteira de habilita\u00e7\u00e3o nas categorias \u201cA\u201d (duas rodas) ou \u201cB\u201d (quatro rodas) para os alunos de escolas p\u00fablicas com idade acima de 18 anos que est\u00e3o cursando o ensino m\u00e9dio. \u201cJ\u00e1 nos dias 22 e 23 ser\u00e1 realizado um semin\u00e1rio dirigido a motocicletas. Na oportunidade, faremos sorteio de diversos brindes, sendo alguns deles, capacetes\u201d. <\/p>\n<p>Dentre as escolas que ir\u00e3o enviar seus alunos para participar das palestras est\u00e3o os col\u00e9gios estaduais de Ilh\u00e9us, Paulo Am\u00e9rico, Professor F\u00e1bio Araripe Goulart e Antonio S\u00e1 Pereira e o Centro Educacional \u00c1lvaro Mello Vieira. <\/p>\n<p>Parceiros \u2013 A Semana do Tr\u00e2nsito de Ilh\u00e9us tem como parceiros as secretarias municipais de Educa\u00e7\u00e3o e de Transporte e Tr\u00e2nsito, Caerc, 68\u00ba CIPM, 69\u00ba CIPM, 70\u00ba CIPM, Corpo de Bombeiros e Diretoria Regional de Educa\u00e7\u00e3o (6\u00aa Direc).<\/p>\n","protected":false},"excerpt":{"rendered":"<p>A Ciretran de Ilh\u00e9us realiza de 18 a 23 deste m\u00eas, a Semana Nacional do Tr\u00e2nsito, que este ano tem como tema \u201cD\u00e9cada mundial de a\u00e7\u00f5es para a seguran\u00e7a. Juntos podemos salvar milh\u00f5es de vidas\u201d. A abertura acontece com trabalho educativo e panfletagem, na avenida Lomanto J\u00fanior, das 9 \u00e0s 11 horas. Nos demais dias [&hellip;]<\/p>\n","protected":false},"author":2,"featured_media":0,"comment_status":"open","ping_status":"open","sticky":false,"template":"","format":"standard","meta":{"_links_to":"","_links_to_target":""},"categories":[25],"tags":[],"_links":{"self":[{"href":"https:\/\/www.r2cpress.com.br\/v1\/wp-json\/wp\/v2\/posts\/24326"}],"collection":[{"href":"https:\/\/www.r2cpress.com.br\/v1\/wp-json\/wp\/v2\/posts"}],"about":[{"href":"https:\/\/www.r2cpress.com.br\/v1\/wp-json\/wp\/v2\/types\/post"}],"author":[{"embeddable":true,"href":"https:\/\/www.r2cpress.com.br\/v1\/wp-json\/wp\/v2\/users\/2"}],"replies":[{"embeddable":true,"href":"https:\/\/www.r2cpress.com.br\/v1\/wp-json\/wp\/v2\/comments?post=24326"}],"version-history":[{"count":3,"href":"https:\/\/www.r2cpress.com.br\/v1\/wp-json\/wp\/v2\/posts\/24326\/revisions"}],"predecessor-version":[{"id":24330,"href":"https:\/\/www.r2cpress.com.br\/v1\/wp-json\/wp\/v2\/posts\/24326\/revisions\/24330"}],"wp:attachment":[{"href":"https:\/\/www.r2cpress.com.br\/v1\/wp-json\/wp\/v2\/media?parent=24326"}],"wp:term":[{"taxonomy":"category","embeddable":true,"href":"https:\/\/www.r2cpress.com.br\/v1\/wp-json\/wp\/v2\/categories?post=24326"},{"taxonomy":"post_tag","embeddable":true,"href":"https:\/\/www.r2cpress.com.br\/v1\/wp-json\/wp\/v2\/tags?post=24326"}],"curies":[{"name":"wp","href":"https:\/\/api.w.org\/{rel}","templated":true}]}}