{"id":24331,"date":"2011-09-15T17:50:24","date_gmt":"2011-09-15T20:50:24","guid":{"rendered":"http:\/\/www.r2cpress.com.br\/v1\/?p=24331"},"modified":"2011-09-15T17:50:24","modified_gmt":"2011-09-15T20:50:24","slug":"para-nosso-consolo","status":"publish","type":"post","link":"https:\/\/www.r2cpress.com.br\/v1\/2011\/09\/15\/para-nosso-consolo\/","title":{"rendered":"PARA NOSSO CONSOLO"},"content":{"rendered":"<p><img loading=\"lazy\" alt=\"\" src=\"http:\/\/www.r2cpress.com.br\/v1\/wp-content\/uploads\/ze-carlos-junior-para-novo-site.jpg\" class=\"alignleft\" width=\"300\" height=\"164\" \/>Todo mundo sabe que as minhas cores preferidas s\u00e3o o banco e preto, principalmente quando tem a cruz de malta e a faixa estampadas.<br \/>\nN\u00e3o sou chegado e me arrepio quando estou de frente com a cor vermelha, vem na cabe\u00e7a guerra, sangue, hemorragia, ferida, tumor e outros sangramentos conhecidos de todos.<br \/>\nPor n\u00e3o gostar do vermelh\u00e3o \u00e9 que mantenho uma longa dist\u00e2ncia do partid\u00e3o, aquele mesmo do nosso galego, aquele das promessas para a nossa cidade, aquele mesmo que j\u00e1 est\u00e1 pensando em outra elei\u00e7\u00e3o, agora para deputado, aquele mesmo que se diz cumpadre do Lula, aquele mesmo que gosta de umas e outras, normal entre a companheirada.<br \/>\nMas nesses dias a turma do partid\u00e3o me deixou cheio de esperan\u00e7a, depois dos pronunciamentos dos vereadores <b>PAULO CARQUEIJA e CARMELITA SOUZA.<\/b><br \/>\nO primeiro resolveu botar o bloco na rua e de p\u00fablico reclamou da falta de compromisso nas promessas feitas pelo nosso galego.<br \/>\nAchei o discurso do baixinho Carqueija de muita coragem em enfrentar os petistas que n\u00e3o aceitam cr\u00edticas e de mostrar que tem, mesmo sendo petista, algum compromisso com Ilh\u00e9us.<br \/>\nPARAB\u00c9NS vereador Paulo Carqueija.<br \/>\nO segundo pediu ao presidente da c\u00e2mara que mostrasse em p\u00fablico a rela\u00e7\u00e3o e a cara dos fantasmas que recebem dimdim por conta de cargos ocupados na casa do povo.<br \/>\nEstamos aguardando conhecer esta lista imoral, indecente e descabida paga com recursos p\u00fablicos.<br \/>\nS\u00f3 darei os parab\u00e9ns \u00e0 vereadora Carmelita quando conhecer a tal lista.<br \/>\n<b>Z\u00c9CARLOS JUNIOR<\/b><\/p>\n","protected":false},"excerpt":{"rendered":"<p>Todo mundo sabe que as minhas cores preferidas s\u00e3o o banco e preto, principalmente quando tem a cruz de malta e a faixa estampadas. N\u00e3o sou chegado e me arrepio quando estou de frente com a cor vermelha, vem na cabe\u00e7a guerra, sangue, hemorragia, ferida, tumor e outros sangramentos conhecidos de todos. Por n\u00e3o gostar [&hellip;]<\/p>\n","protected":false},"author":2,"featured_media":0,"comment_status":"open","ping_status":"open","sticky":false,"template":"","format":"standard","meta":{"_links_to":"","_links_to_target":""},"categories":[10],"tags":[],"_links":{"self":[{"href":"https:\/\/www.r2cpress.com.br\/v1\/wp-json\/wp\/v2\/posts\/24331"}],"collection":[{"href":"https:\/\/www.r2cpress.com.br\/v1\/wp-json\/wp\/v2\/posts"}],"about":[{"href":"https:\/\/www.r2cpress.com.br\/v1\/wp-json\/wp\/v2\/types\/post"}],"author":[{"embeddable":true,"href":"https:\/\/www.r2cpress.com.br\/v1\/wp-json\/wp\/v2\/users\/2"}],"replies":[{"embeddable":true,"href":"https:\/\/www.r2cpress.com.br\/v1\/wp-json\/wp\/v2\/comments?post=24331"}],"version-history":[{"count":2,"href":"https:\/\/www.r2cpress.com.br\/v1\/wp-json\/wp\/v2\/posts\/24331\/revisions"}],"predecessor-version":[{"id":24333,"href":"https:\/\/www.r2cpress.com.br\/v1\/wp-json\/wp\/v2\/posts\/24331\/revisions\/24333"}],"wp:attachment":[{"href":"https:\/\/www.r2cpress.com.br\/v1\/wp-json\/wp\/v2\/media?parent=24331"}],"wp:term":[{"taxonomy":"category","embeddable":true,"href":"https:\/\/www.r2cpress.com.br\/v1\/wp-json\/wp\/v2\/categories?post=24331"},{"taxonomy":"post_tag","embeddable":true,"href":"https:\/\/www.r2cpress.com.br\/v1\/wp-json\/wp\/v2\/tags?post=24331"}],"curies":[{"name":"wp","href":"https:\/\/api.w.org\/{rel}","templated":true}]}}