{"id":24352,"date":"2011-09-15T18:54:07","date_gmt":"2011-09-15T21:54:07","guid":{"rendered":"http:\/\/www.r2cpress.com.br\/v1\/?p=24352"},"modified":"2011-09-15T18:54:30","modified_gmt":"2011-09-15T21:54:30","slug":"comissao-de-infraestrutura-aprova-agenda-de-audiencias-publicas","status":"publish","type":"post","link":"https:\/\/www.r2cpress.com.br\/v1\/2011\/09\/15\/comissao-de-infraestrutura-aprova-agenda-de-audiencias-publicas\/","title":{"rendered":"COMISS\u00c3O DE INFRAESTRUTURA APROVA AGENDA DE AUDI\u00caNCIAS P\u00daBLICAS"},"content":{"rendered":"<p><div id=\"attachment_24353\" style=\"width: 310px\" class=\"wp-caption alignleft\"><a href=\"http:\/\/www.r2cpress.com.br\/v1\/wp-content\/uploads\/Comiss\u00e3o-de-Infraestrutura_.jpg\"><img aria-describedby=\"caption-attachment-24353\" loading=\"lazy\" src=\"http:\/\/www.r2cpress.com.br\/v1\/wp-content\/uploads\/Comiss\u00e3o-de-Infraestrutura_-300x225.jpg\" alt=\"\" title=\"Comiss\u00e3o de Infraestrutura_\" width=\"300\" height=\"225\" class=\"size-medium wp-image-24353\" srcset=\"https:\/\/www.r2cpress.com.br\/v1\/wp-content\/uploads\/Comiss\u00e3o-de-Infraestrutura_-300x225.jpg 300w, https:\/\/www.r2cpress.com.br\/v1\/wp-content\/uploads\/Comiss\u00e3o-de-Infraestrutura_.jpg 680w\" sizes=\"(max-width: 300px) 100vw, 300px\" \/><\/a><p id=\"caption-attachment-24353\" class=\"wp-caption-text\">Comiss\u00e3o de Infraestrutura<\/p><\/div>A deputada \u00c2ngela Sousa, (PSC), presidente da Comiss\u00e3o de Infraestrutura Desenvolvimento e Turismo da Assembleia Legislativa da Bahia, vem conduzindo o colegiado buscando melhoras significativas na vida dos baianos, j\u00e1 que para ela a infraestrutura do estado ainda precisa de grandes investimentos. Na \u00faltima reuni\u00e3o a comiss\u00e3o aprovou uma s\u00e9rie de audi\u00eancias p\u00fablicas para os pr\u00f3ximos encontros.<br \/>\n\u201cSabemos que o turismo vem se consolidando com um dos principais geradores de emprego e renda, muitas vezes at\u00e9 de forma indireta, por isso precisamos ouvir o secret\u00e1rio de Turismo, Domingos Leonelli, para tratar dos planos de sua pasta para o estado, focando as a\u00e7\u00f5es que ser\u00e3o implementadas para os jogos da Copa de 2014\u201d, enfatizou \u00c2ngela, revelando que em outra oportunidade,  tamb\u00e9m, ser\u00e1 ouvido o secret\u00e1rio da Ind\u00fastria Naval e Portu\u00e1ria, Carlos Costa, para tratar da falta de infraestrutura no Porto do Malhado em Ilh\u00e9us, bem como a situa\u00e7\u00e3o Portu\u00e1ria na Bahia.<\/p>\n<p><!--more--><\/p>\n<p>Outro assunto que vem preocupando a parlamentar \u00e9 situa\u00e7\u00e3o da malha vi\u00e1ria da Bahia. A duplica\u00e7\u00e3o da BR-415 (trecho Ilh\u00e9us-Itabuna) foi considerada de primordial import\u00e2ncia para toda regi\u00e3o cacaueira. \u201dDesde 2007 luto por isso. Agora, mais do que nunca essa duplica\u00e7\u00e3o \u00e9 necess\u00e1ria, pois com a  implanta\u00e7\u00e3o da Fiol e do Complexo Porto Sul, precisamos estar bem estruturados para receber esse desenvolvimento.Temos que ouvir a Superintend\u00eancia do Departamento Nacional de Infraestrutura de Transportes (Dnit) e unir for\u00e7as para resolver n\u00e3o s\u00f3 este desafio\u201d, afirmou \u00c2ngela, revelando que promover\u00e1 uma audi\u00eancia conjunta com o colegiado de Defesa do Consumidor, na qual receber\u00e1 representantes das Concession\u00e1rias Via Bahia (respons\u00e1vel pelos ped\u00e1gios na BR-324) e Bahia Norte (respons\u00e1vel pela BA-093), visando discutir as a\u00e7\u00f5es que ser\u00e3o implementadas para recupera\u00e7\u00e3o dessas rodovias.<br \/>\nAl\u00e9m dessas audi\u00eancias,  o colegiado visitar\u00e1 na  pr\u00f3xima segunda-feira, dia 19, a empresa TWB, respons\u00e1vel pelo ferry boat, que faz a travessia Salvador-Itaparica. \u201cJ\u00e1 estamos cobrando melhoras no servi\u00e7o h\u00e1 muito tempo, mas segundo os usu\u00e1rios a situa\u00e7\u00e3o n\u00e3o tem melhorado\u201d, frisou \u00c2ngela. Ampliando as a\u00e7\u00f5es da comiss\u00e3o, foram aprovados mais dois   projetos de lei,  um veda a imposi\u00e7\u00e3o, pelas seguradoras de ve\u00edculos, de rela\u00e7\u00e3o de oficinas reparadoras ou prestadoras de servi\u00e7os e o outro obriga as institui\u00e7\u00f5es banc\u00e1rias e financeiras a implantarem normas de seguran\u00e7a do consumidor.<\/p>\n<p>&#8212;<br \/>\nAI\/DEP.<\/p>\n","protected":false},"excerpt":{"rendered":"<p>A deputada \u00c2ngela Sousa, (PSC), presidente da Comiss\u00e3o de Infraestrutura Desenvolvimento e Turismo da Assembleia Legislativa da Bahia, vem conduzindo o colegiado buscando melhoras significativas na vida dos baianos, j\u00e1 que para ela a infraestrutura do estado ainda precisa de grandes investimentos. Na \u00faltima reuni\u00e3o a comiss\u00e3o aprovou uma s\u00e9rie de audi\u00eancias p\u00fablicas para os [&hellip;]<\/p>\n","protected":false},"author":2,"featured_media":0,"comment_status":"open","ping_status":"open","sticky":false,"template":"","format":"standard","meta":{"_links_to":"","_links_to_target":""},"categories":[22],"tags":[],"_links":{"self":[{"href":"https:\/\/www.r2cpress.com.br\/v1\/wp-json\/wp\/v2\/posts\/24352"}],"collection":[{"href":"https:\/\/www.r2cpress.com.br\/v1\/wp-json\/wp\/v2\/posts"}],"about":[{"href":"https:\/\/www.r2cpress.com.br\/v1\/wp-json\/wp\/v2\/types\/post"}],"author":[{"embeddable":true,"href":"https:\/\/www.r2cpress.com.br\/v1\/wp-json\/wp\/v2\/users\/2"}],"replies":[{"embeddable":true,"href":"https:\/\/www.r2cpress.com.br\/v1\/wp-json\/wp\/v2\/comments?post=24352"}],"version-history":[{"count":3,"href":"https:\/\/www.r2cpress.com.br\/v1\/wp-json\/wp\/v2\/posts\/24352\/revisions"}],"predecessor-version":[{"id":24356,"href":"https:\/\/www.r2cpress.com.br\/v1\/wp-json\/wp\/v2\/posts\/24352\/revisions\/24356"}],"wp:attachment":[{"href":"https:\/\/www.r2cpress.com.br\/v1\/wp-json\/wp\/v2\/media?parent=24352"}],"wp:term":[{"taxonomy":"category","embeddable":true,"href":"https:\/\/www.r2cpress.com.br\/v1\/wp-json\/wp\/v2\/categories?post=24352"},{"taxonomy":"post_tag","embeddable":true,"href":"https:\/\/www.r2cpress.com.br\/v1\/wp-json\/wp\/v2\/tags?post=24352"}],"curies":[{"name":"wp","href":"https:\/\/api.w.org\/{rel}","templated":true}]}}