{"id":24485,"date":"2011-09-17T12:52:00","date_gmt":"2011-09-17T15:52:00","guid":{"rendered":"http:\/\/www.r2cpress.com.br\/v1\/?p=24485"},"modified":"2011-09-17T12:52:00","modified_gmt":"2011-09-17T15:52:00","slug":"fifa-pressiona-brasil-na-festa-da-copa","status":"publish","type":"post","link":"https:\/\/www.r2cpress.com.br\/v1\/2011\/09\/17\/fifa-pressiona-brasil-na-festa-da-copa\/","title":{"rendered":"Fifa pressiona Brasil na festa da Copa"},"content":{"rendered":"<p><strong>Nas comemora\u00e7\u00f5es dos mil dias que faltam para abertura do Mundial, entidade cobra agilidade do governo e garantias na Lei Geral do evento<\/strong><\/p>\n<p>\u00c9 cr\u00edtica a rela\u00e7\u00e3o entre a Fifa e o governo federal. No dia em que se comemorou a marca de mil dias para a Copa de 2014, o comando da Fifa pressionou as autoridades. O ponto m\u00e1ximo da tens\u00e3o passa pelo projeto da Lei Geral da Copa, assinado ontem pela presidente Dilma Rousseff.<\/p>\n<p>Interlocutores da Fifa, procurados pelo Estado, disseram que o projeto da Lei Geral n\u00e3o atende \u00e0s exig\u00eancias da entidade para a realiza\u00e7\u00e3o do Mundial. &#8220;Sem a lei, n\u00e3o h\u00e1 Copa&#8221;, revelou um dos executivos ligados \u00e0 organiza\u00e7\u00e3o do Mundial de 2014.<\/p>\n<p>Pronto para ser assinado em mar\u00e7o, ap\u00f3s um amplo entendimento entre a Fifa e o governo federal, o projeto da Lei Geral sofreu altera\u00e7\u00f5es at\u00e9 a presidente Dilma colocar a sua assinatura, durante sua visita \u00e0s obras do Mineir\u00e3o, em Belo Horizonte.<\/p>\n<p>&#8220;Com a assinatura da presidenta hoje (ontem) e o envio do projeto ao Congresso, n\u00f3s estamos otimistas que o Congresso vai aprovar esse \u00faltimo compromisso institucional do Brasil com a Fifa, quem sabe at\u00e9 o final do ano&#8221; disse o ministro do Esporte, Orlando Silva, ontem de manh\u00e3, em Belo Horizonte.<\/p>\n<p><!--more--><\/p>\n<p>O problema \u00e9 que a Fifa n\u00e3o pode esperar at\u00e9 o final do ano para a aprova\u00e7\u00e3o da lei. A entidade quer, entre outros itens, as garantias do controle total da venda de ingressos e prote\u00e7\u00e3o das marcas dos seus patrocinadores no Brasil, no m\u00e1ximo at\u00e9 outubro quando realizar\u00e1 o seu congresso em Zurique.<\/p>\n<p>Neste congresso, nos dias 20 e 21, a Fifa vai definir a distribui\u00e7\u00e3o dos jogos entre as 12 sedes, as cidades da abertura e da final do Mundial e dar in\u00edcio \u00e0 venda dos bilhetes da Copa.<\/p>\n<p>&#8220;Como vamos vender os ingressos para um cidad\u00e3o, por exemplo, dos Estados Unidos, se n\u00e3o temos a garantia do governo brasileiro de que a Fifa vai ter o controle total da venda?&#8221; questiona um executivo ligado \u00e0 organiza\u00e7\u00e3o do Mundial 2014.<\/p>\n<p>A entidade exige o controle parar determinar os valores dos ingressos, ignorando por completo, por exemplo, a lei da meia-entrada, que \u00e9 uma das pe\u00e7as de destaque do Estatuto do Torcedor vigente no Pa\u00eds.<\/p>\n<p>Outro item do projeto Lei da Copa que a Fifa exige \u00e9 a facilita\u00e7\u00e3o da concess\u00e3o de visto de trabalho para executivos da entidade e para estrangeiros funcion\u00e1rios das empresas ligadas \u00e0 Fifa.<\/p>\n<p>Diante das incertezas da Fifa, o executivo tra\u00e7ou um panorama preocupante para o andamento do Mundial. &#8220;O quadro est\u00e1 feio, muito feio.&#8221;<\/p>\n<p>Bronca no Minist\u00e9rio. Outra preocupa\u00e7\u00e3o da entidade \u00e9 a interfer\u00eancia do Minist\u00e9rio do Esporte na organiza\u00e7\u00e3o da Copa. Fonte pr\u00f3ximas da c\u00fapula da Fifa confirmaram ao Estado que o imobilismo do Minist\u00e9rio praticamente \u00e9 total. O secret\u00e1rio-geral da Fifa, Jerome Valcke, vem declarando a pessoas mais pr\u00f3ximas que est\u00e1 &#8220;irritado&#8221; e &#8220;sem saber mais o que fazer&#8221; com a falta de a\u00e7\u00e3o do governo.<\/p>\n<p>Dentro da entidade, a preocupa\u00e7\u00e3o \u00e9 de que o Minist\u00e9rio do Esporte age como se fosse o dono da Copa e n\u00e3o a Fifa.<\/p>\n<p>O Estado tentou entrar em contato com a assessoria do Ministro do Esporte, Orlando Silva, no final da tarde de ontem, mas n\u00e3o teve retorno at\u00e9 o fechamento desta edi\u00e7\u00e3o.<\/p>\n<p>H\u00e1 ainda um inc\u00f4modo geral na c\u00fapula da Fifa com a a\u00e7\u00e3o do governo federal na execu\u00e7\u00e3o das obras ligadas \u00e0 Copa. De acordo com avalia\u00e7\u00e3o da entidade, apenas as reformas e constru\u00e7\u00f5es dos est\u00e1dios est\u00e3o dentro do prazo, apesar de alguns atrasos.<\/p>\n<p>Quanto aos projetos de moderniza\u00e7\u00e3o dos aeroportos, mobilidade urbana, infraestrutura nas cidades-sede, novas tecnologias, transporte e rede hoteleira, sempre de acordo com a avalia\u00e7\u00e3o da Fifa, o Brasil pouco avan\u00e7ou nos \u00faltimos dois anos.<\/p>\n<p><strong>INGRESSOS<\/strong><\/p>\n<p>21 de outubro \u00e9 o dia que a Fifa vai dar in\u00edcio \u00e0 venda de ingressos para os jogos nas 12 sedes da Copa do Mundo de 2014 <\/p>\n<p>&#8212;<\/p>\n<p>Luiz Ant\u00f4nio Pr\u00f3speri e Jamil Chade &#8211; O Estado de S.Paulo<br \/>\nNo <a href = \"http:\/\/www.estadao.com.br\/noticias\/impresso,fifa-pressiona-brasil-na-festa-da-copa,773713,0.htm\" target = \"_news\"><b>www.estadao.com.br<\/b><\/a><\/p>\n","protected":false},"excerpt":{"rendered":"<p>Nas comemora\u00e7\u00f5es dos mil dias que faltam para abertura do Mundial, entidade cobra agilidade do governo e garantias na Lei Geral do evento \u00c9 cr\u00edtica a rela\u00e7\u00e3o entre a Fifa e o governo federal. No dia em que se comemorou a marca de mil dias para a Copa de 2014, o comando da Fifa pressionou [&hellip;]<\/p>\n","protected":false},"author":2,"featured_media":0,"comment_status":"open","ping_status":"open","sticky":false,"template":"","format":"standard","meta":{"_links_to":"","_links_to_target":""},"categories":[18],"tags":[],"_links":{"self":[{"href":"https:\/\/www.r2cpress.com.br\/v1\/wp-json\/wp\/v2\/posts\/24485"}],"collection":[{"href":"https:\/\/www.r2cpress.com.br\/v1\/wp-json\/wp\/v2\/posts"}],"about":[{"href":"https:\/\/www.r2cpress.com.br\/v1\/wp-json\/wp\/v2\/types\/post"}],"author":[{"embeddable":true,"href":"https:\/\/www.r2cpress.com.br\/v1\/wp-json\/wp\/v2\/users\/2"}],"replies":[{"embeddable":true,"href":"https:\/\/www.r2cpress.com.br\/v1\/wp-json\/wp\/v2\/comments?post=24485"}],"version-history":[{"count":2,"href":"https:\/\/www.r2cpress.com.br\/v1\/wp-json\/wp\/v2\/posts\/24485\/revisions"}],"predecessor-version":[{"id":24487,"href":"https:\/\/www.r2cpress.com.br\/v1\/wp-json\/wp\/v2\/posts\/24485\/revisions\/24487"}],"wp:attachment":[{"href":"https:\/\/www.r2cpress.com.br\/v1\/wp-json\/wp\/v2\/media?parent=24485"}],"wp:term":[{"taxonomy":"category","embeddable":true,"href":"https:\/\/www.r2cpress.com.br\/v1\/wp-json\/wp\/v2\/categories?post=24485"},{"taxonomy":"post_tag","embeddable":true,"href":"https:\/\/www.r2cpress.com.br\/v1\/wp-json\/wp\/v2\/tags?post=24485"}],"curies":[{"name":"wp","href":"https:\/\/api.w.org\/{rel}","templated":true}]}}