{"id":24533,"date":"2011-09-18T10:57:21","date_gmt":"2011-09-18T13:57:21","guid":{"rendered":"http:\/\/www.r2cpress.com.br\/v1\/?p=24533"},"modified":"2011-09-18T10:57:21","modified_gmt":"2011-09-18T13:57:21","slug":"em-ms-mae-usa-picoles-de-leite-materno-para-amenizar-calor-de-bebe","status":"publish","type":"post","link":"https:\/\/www.r2cpress.com.br\/v1\/2011\/09\/18\/em-ms-mae-usa-picoles-de-leite-materno-para-amenizar-calor-de-bebe\/","title":{"rendered":"Em MS, m\u00e3e usa picol\u00e9s de leite materno para amenizar calor de beb\u00ea"},"content":{"rendered":"<p><strong>M\u00e3e diz que os picol\u00e9s ajudam o beb\u00ea a aliviar inc\u00f4modo dos dentes.<br \/>\nNutricionista diz que, mesmo congelado, leite materno mant\u00e9m propriedades.<\/strong><\/p>\n<p><div id=\"attachment_24534\" style=\"width: 314px\" class=\"wp-caption alignright\"><a href=\"http:\/\/www.r2cpress.com.br\/v1\/wp-content\/uploads\/dsc_0085.jpg\"><img aria-describedby=\"caption-attachment-24534\" loading=\"lazy\" src=\"http:\/\/www.r2cpress.com.br\/v1\/wp-content\/uploads\/dsc_0085.jpg\" alt=\"\" title=\"dsc_0085\" width=\"304\" height=\"232\" class=\"size-full wp-image-24534\" srcset=\"https:\/\/www.r2cpress.com.br\/v1\/wp-content\/uploads\/dsc_0085.jpg 304w, https:\/\/www.r2cpress.com.br\/v1\/wp-content\/uploads\/dsc_0085-300x228.jpg 300w\" sizes=\"(max-width: 304px) 100vw, 304px\" \/><\/a><p id=\"caption-attachment-24534\" class=\"wp-caption-text\">Para fazer o picol\u00e9, Ariane coloca 50 ml de leite em cada forminha (Foto: Tatiane Queiroz\/ G1 MS)<\/p><\/div>A administradora  Ariane Osshiro, de 27 anos, resolveu inovar na alimenta\u00e7\u00e3o do filho de oito meses e criou uma receita diferente: ela faz picol\u00e9s de leite materno. A m\u00e3e mora em Campo Grande e contou ao G1 que a ideia ajudou o beb\u00ea a sentir menos calor e a driblar o inc\u00f4modo por causa dos dentinhos que come\u00e7aram a nascer.<\/p>\n<p>\u201cEm Campo Grande as temperaturas s\u00e3o altas na maior parte do ano e o calor deixava meu beb\u00ea bem irritado. Por isso tive a ideia de fazer o picol\u00e9\u201d, contou a m\u00e3e.<\/p>\n<p>O filho de oito meses, Pedro Osshiro, aprovou a ideia da m\u00e3e. \u201cEle adorou o picol\u00e9. \u00c0s vezes chupa at\u00e9 dois por dia\u201d.<\/p>\n<p>Ela explicou que come\u00e7ou a dar o picol\u00e9 de leite do peito para o filho depois que ele fez seis meses, que \u00e9 o tempo m\u00ednimo de amamenta\u00e7\u00e3o recomendado pelos pediatras. Ainda segundo a m\u00e3e, o beb\u00ea chupa o picol\u00e9 apenas no per\u00edodo da tarde, entre as mamadas. \u201c\u00c9 como se fosse um lanchinho nutritivo\u201d, brincou Ariane.<\/p>\n<p>Para fazer cada picol\u00e9, a m\u00e3e coloca cerca de 50 mililitros de leite em uma forminha caseira j\u00e1 higienizada e depois coloca no congelador. Para tirar o leite do peito ela usa um bomba extratora. \u201cN\u00e3o d\u00f3i nada e al\u00e9m disso \u00e9 r\u00e1pida e pr\u00e1tica\u201d.<\/p>\n<p>A especialista Paula Serafin, que \u00e9 enfermeira e doutoranda em estudos sobre leite humano, afirmou que gostou da ideia. \u201cEla criou uma maneira divertida de alimentar o beb\u00ea sem deixar de dar o leite do peito que \u00e9 muito importante para garantir a sa\u00fade dele\u201d.<\/p>\n<p>A nutricionista Elisabete Kamiya, que trabalha no banco de leite do Hospital Universit\u00e1rio em Campo Grande, explicou que o leite materno congelado  continua com a mesmas propriedades do leite em estado natural. \u201cO leite materno cont\u00e9m carboidratos como lactose e oligossacar\u00eddeos, al\u00e9m de gordura, prote\u00ednas e vitaminas&#8221;, informou a nutricionista.<\/p>\n<p>No entanto, Kamiya aconselha as m\u00e3es a consultarem o pediatra antes de mudar a alimenta\u00e7\u00e3o do beb\u00ea.<\/p>\n<div id=\"attachment_24535\" style=\"width: 460px\" class=\"wp-caption aligncenter\"><a href=\"http:\/\/www.r2cpress.com.br\/v1\/wp-content\/uploads\/dsc_0091.jpg\"><img aria-describedby=\"caption-attachment-24535\" loading=\"lazy\" src=\"http:\/\/www.r2cpress.com.br\/v1\/wp-content\/uploads\/dsc_0091.jpg\" alt=\"\" title=\"dsc_0091\" width=\"450\" height=\"338\" class=\"size-full wp-image-24535\" srcset=\"https:\/\/www.r2cpress.com.br\/v1\/wp-content\/uploads\/dsc_0091.jpg 450w, https:\/\/www.r2cpress.com.br\/v1\/wp-content\/uploads\/dsc_0091-300x225.jpg 300w\" sizes=\"(max-width: 450px) 100vw, 450px\" \/><\/a><p id=\"caption-attachment-24535\" class=\"wp-caption-text\">Pedro, de oito meses, aprovou a ideia da m\u00e3e (Foto: Tatiane Queiroz\/ G1 MS)<\/p><\/div>\n<p>&#8212;<br \/>\nTatiane Queiroz Do <a href = \"http:\/\/g1.globo.com\/mato-grosso-do-sul\/noticia\/2011\/09\/em-ms-mae-usa-picoles-de-leite-materno-para-amenizar-calor-de-bebe.html\" target = \"_news\"><b>G1 MS<\/b><\/a><\/p>\n","protected":false},"excerpt":{"rendered":"<p>M\u00e3e diz que os picol\u00e9s ajudam o beb\u00ea a aliviar inc\u00f4modo dos dentes. Nutricionista diz que, mesmo congelado, leite materno mant\u00e9m propriedades. A administradora Ariane Osshiro, de 27 anos, resolveu inovar na alimenta\u00e7\u00e3o do filho de oito meses e criou uma receita diferente: ela faz picol\u00e9s de leite materno. A m\u00e3e mora em Campo Grande [&hellip;]<\/p>\n","protected":false},"author":2,"featured_media":0,"comment_status":"open","ping_status":"open","sticky":false,"template":"","format":"standard","meta":{"_links_to":"","_links_to_target":""},"categories":[13],"tags":[],"_links":{"self":[{"href":"https:\/\/www.r2cpress.com.br\/v1\/wp-json\/wp\/v2\/posts\/24533"}],"collection":[{"href":"https:\/\/www.r2cpress.com.br\/v1\/wp-json\/wp\/v2\/posts"}],"about":[{"href":"https:\/\/www.r2cpress.com.br\/v1\/wp-json\/wp\/v2\/types\/post"}],"author":[{"embeddable":true,"href":"https:\/\/www.r2cpress.com.br\/v1\/wp-json\/wp\/v2\/users\/2"}],"replies":[{"embeddable":true,"href":"https:\/\/www.r2cpress.com.br\/v1\/wp-json\/wp\/v2\/comments?post=24533"}],"version-history":[{"count":3,"href":"https:\/\/www.r2cpress.com.br\/v1\/wp-json\/wp\/v2\/posts\/24533\/revisions"}],"predecessor-version":[{"id":24538,"href":"https:\/\/www.r2cpress.com.br\/v1\/wp-json\/wp\/v2\/posts\/24533\/revisions\/24538"}],"wp:attachment":[{"href":"https:\/\/www.r2cpress.com.br\/v1\/wp-json\/wp\/v2\/media?parent=24533"}],"wp:term":[{"taxonomy":"category","embeddable":true,"href":"https:\/\/www.r2cpress.com.br\/v1\/wp-json\/wp\/v2\/categories?post=24533"},{"taxonomy":"post_tag","embeddable":true,"href":"https:\/\/www.r2cpress.com.br\/v1\/wp-json\/wp\/v2\/tags?post=24533"}],"curies":[{"name":"wp","href":"https:\/\/api.w.org\/{rel}","templated":true}]}}