{"id":24542,"date":"2011-09-18T14:34:33","date_gmt":"2011-09-18T17:34:33","guid":{"rendered":"http:\/\/www.r2cpress.com.br\/v1\/?p=24542"},"modified":"2011-09-18T14:34:33","modified_gmt":"2011-09-18T17:34:33","slug":"lula-vira-ministro-de-assuntos-eleitorais","status":"publish","type":"post","link":"https:\/\/www.r2cpress.com.br\/v1\/2011\/09\/18\/lula-vira-ministro-de-assuntos-eleitorais\/","title":{"rendered":"Lula vira &#8220;ministro de assuntos eleitorais&#8221;"},"content":{"rendered":"<p>No comando de uma base com 17 partidos e problemas de sobra, a presidente Dilma Rousseff decidiu ficar longe das querelas da montagem das chapas que v\u00e3o disputar as prefeituras nas elei\u00e7\u00f5es do ano que vem. A articula\u00e7\u00e3o partid\u00e1ria ficar\u00e1 a cargo do ex-presidente Luiz In\u00e1cio Lula da Silva, que ser\u00e1 uma esp\u00e9cie de &#8220;ministro extraordin\u00e1rio para assuntos eleitorais&#8221;.<\/p>\n<p>O cargo, claro, \u00e9 fict\u00edcio. Mas no Pal\u00e1cio do Planalto Lula \u00e9 tratado assim. Quando algu\u00e9m fala em articula\u00e7\u00e3o partid\u00e1ria e pol\u00edtica, a presidente costuma lembrar que a fun\u00e7\u00e3o \u00e9 de seu antecessor. Desse modo, o ex-presidente acaba sendo visto como &#8220;40\u00ba ministro&#8221; de Dilma. Hoje, s\u00e3o 38 minist\u00e9rios. O das Pequenas e M\u00e9dias Empresas est\u00e1 sendo criado pelo Congresso. Ser\u00e1 o de n\u00famero 39.<\/p>\n<p>Apesar da agenda interna e das articula\u00e7\u00f5es pol\u00edticas, Lula n\u00e3o desarma a agenda internacional. Na pr\u00f3xima sexta-feira, dia 23, ele vai para Washington. Em seguida, para Paris e Gdansk (Pol\u00f4nia), onde em 1980 nasceu o Solidariedade, o \u00fanico sindicato independente do antigo Leste Europeu. Termina seu p\u00e9riplo internacional em Londres. No in\u00edcio de outubro, volta ao Pa\u00eds.<\/p>\n<p>No Brasil, de acordo com informa\u00e7\u00f5es da assessoria de Lula, ele j\u00e1 esteve reunido com l\u00edderes do PT de Belo Horizonte, Salvador, Rio, Goi\u00e2nia e Recife. A todos, pediu que busquem manter coliga\u00e7\u00f5es com os partidos da base aliada, evitem disputas internas e procurem candidatos que representem renova\u00e7\u00e3o. As informa\u00e7\u00f5es s\u00e3o do jornal O Estado de S. Paulo.<\/p>\n<p>&#8212;<br \/>\nAg\u00eancia Estado<br \/>\nNo <a href = \"http:\/\/www.atardeonline.com.br\/politica\/noticia.jsf?id=5767585\" target = \"_news\"><b>A TARDE ON LINE<\/b><\/a><\/p>\n","protected":false},"excerpt":{"rendered":"<p>No comando de uma base com 17 partidos e problemas de sobra, a presidente Dilma Rousseff decidiu ficar longe das querelas da montagem das chapas que v\u00e3o disputar as prefeituras nas elei\u00e7\u00f5es do ano que vem. A articula\u00e7\u00e3o partid\u00e1ria ficar\u00e1 a cargo do ex-presidente Luiz In\u00e1cio Lula da Silva, que ser\u00e1 uma esp\u00e9cie de &#8220;ministro [&hellip;]<\/p>\n","protected":false},"author":2,"featured_media":0,"comment_status":"open","ping_status":"open","sticky":false,"template":"","format":"standard","meta":{"_links_to":"","_links_to_target":""},"categories":[13],"tags":[],"_links":{"self":[{"href":"https:\/\/www.r2cpress.com.br\/v1\/wp-json\/wp\/v2\/posts\/24542"}],"collection":[{"href":"https:\/\/www.r2cpress.com.br\/v1\/wp-json\/wp\/v2\/posts"}],"about":[{"href":"https:\/\/www.r2cpress.com.br\/v1\/wp-json\/wp\/v2\/types\/post"}],"author":[{"embeddable":true,"href":"https:\/\/www.r2cpress.com.br\/v1\/wp-json\/wp\/v2\/users\/2"}],"replies":[{"embeddable":true,"href":"https:\/\/www.r2cpress.com.br\/v1\/wp-json\/wp\/v2\/comments?post=24542"}],"version-history":[{"count":3,"href":"https:\/\/www.r2cpress.com.br\/v1\/wp-json\/wp\/v2\/posts\/24542\/revisions"}],"predecessor-version":[{"id":24545,"href":"https:\/\/www.r2cpress.com.br\/v1\/wp-json\/wp\/v2\/posts\/24542\/revisions\/24545"}],"wp:attachment":[{"href":"https:\/\/www.r2cpress.com.br\/v1\/wp-json\/wp\/v2\/media?parent=24542"}],"wp:term":[{"taxonomy":"category","embeddable":true,"href":"https:\/\/www.r2cpress.com.br\/v1\/wp-json\/wp\/v2\/categories?post=24542"},{"taxonomy":"post_tag","embeddable":true,"href":"https:\/\/www.r2cpress.com.br\/v1\/wp-json\/wp\/v2\/tags?post=24542"}],"curies":[{"name":"wp","href":"https:\/\/api.w.org\/{rel}","templated":true}]}}