{"id":24572,"date":"2011-09-19T20:20:37","date_gmt":"2011-09-19T23:20:37","guid":{"rendered":"http:\/\/www.r2cpress.com.br\/v1\/?p=24572"},"modified":"2011-09-19T20:20:37","modified_gmt":"2011-09-19T23:20:37","slug":"recado-para-o-diretor-de-educacao-da-setrans","status":"publish","type":"post","link":"https:\/\/www.r2cpress.com.br\/v1\/2011\/09\/19\/recado-para-o-diretor-de-educacao-da-setrans\/","title":{"rendered":"RECADO PARA O DIRETOR DE EDUCA\u00c7\u00c3O DA SETRANS"},"content":{"rendered":"<p><img loading=\"lazy\" alt=\"\" src=\"http:\/\/www.r2cpress.com.br\/v1\/wp-content\/uploads\/ze-carlos-junior-para-novo-site.jpg\" class=\"alignleft\" width=\"300\" height=\"164\" \/>No per\u00edodo de 18 a 25 de setembro, o Minist\u00e9rio das Cidades e o Denatran, em parceria com outros \u00f3rg\u00e3os federais e estaduais, promovem a <b>SEMANA DO TR\u00c2NSITO,<\/b>com o tema <b> \u201cJuntos podemos salvar vidas.\u201d <\/b><br \/>\nA a\u00e7\u00e3o pretende conscientizar o cidad\u00e3o sobre a necessidade de respeito \u00e0s regras de conviv\u00eancia no tr\u00e2nsito.<br \/>\nCom rela\u00e7\u00e3o \u00e0 nossa SETRANS, ainda n\u00e3o vimos nada que mostre algum evento com rela\u00e7\u00e3o \u00e0 semana do tr\u00e2nsito.<br \/>\nLembro-me que no ano passado foram realizadas campanhas, distribui\u00e7\u00e3o de panfletos educativos e a\u00e7\u00f5es nas ruas junto aos condutores de ve\u00edculos.<br \/>\nEste ano ainda n\u00e3o se viu nada que viesse abordar ou lembrar a semana do tr\u00e2nsito.<br \/>\nCom a palavra o nosso Diretor de Educa\u00e7\u00e3o da Setrans.<br \/>\n<b>Z\u00c9CARLOS JUNIOR<\/b><\/p>\n","protected":false},"excerpt":{"rendered":"<p>No per\u00edodo de 18 a 25 de setembro, o Minist\u00e9rio das Cidades e o Denatran, em parceria com outros \u00f3rg\u00e3os federais e estaduais, promovem a SEMANA DO TR\u00c2NSITO,com o tema \u201cJuntos podemos salvar vidas.\u201d A a\u00e7\u00e3o pretende conscientizar o cidad\u00e3o sobre a necessidade de respeito \u00e0s regras de conviv\u00eancia no tr\u00e2nsito. Com rela\u00e7\u00e3o \u00e0 nossa [&hellip;]<\/p>\n","protected":false},"author":2,"featured_media":0,"comment_status":"open","ping_status":"open","sticky":false,"template":"","format":"standard","meta":{"_links_to":"","_links_to_target":""},"categories":[10],"tags":[],"_links":{"self":[{"href":"https:\/\/www.r2cpress.com.br\/v1\/wp-json\/wp\/v2\/posts\/24572"}],"collection":[{"href":"https:\/\/www.r2cpress.com.br\/v1\/wp-json\/wp\/v2\/posts"}],"about":[{"href":"https:\/\/www.r2cpress.com.br\/v1\/wp-json\/wp\/v2\/types\/post"}],"author":[{"embeddable":true,"href":"https:\/\/www.r2cpress.com.br\/v1\/wp-json\/wp\/v2\/users\/2"}],"replies":[{"embeddable":true,"href":"https:\/\/www.r2cpress.com.br\/v1\/wp-json\/wp\/v2\/comments?post=24572"}],"version-history":[{"count":2,"href":"https:\/\/www.r2cpress.com.br\/v1\/wp-json\/wp\/v2\/posts\/24572\/revisions"}],"predecessor-version":[{"id":24574,"href":"https:\/\/www.r2cpress.com.br\/v1\/wp-json\/wp\/v2\/posts\/24572\/revisions\/24574"}],"wp:attachment":[{"href":"https:\/\/www.r2cpress.com.br\/v1\/wp-json\/wp\/v2\/media?parent=24572"}],"wp:term":[{"taxonomy":"category","embeddable":true,"href":"https:\/\/www.r2cpress.com.br\/v1\/wp-json\/wp\/v2\/categories?post=24572"},{"taxonomy":"post_tag","embeddable":true,"href":"https:\/\/www.r2cpress.com.br\/v1\/wp-json\/wp\/v2\/tags?post=24572"}],"curies":[{"name":"wp","href":"https:\/\/api.w.org\/{rel}","templated":true}]}}