{"id":24596,"date":"2011-09-19T21:53:39","date_gmt":"2011-09-20T00:53:39","guid":{"rendered":"http:\/\/www.r2cpress.com.br\/v1\/?p=24596"},"modified":"2011-09-19T21:53:39","modified_gmt":"2011-09-20T00:53:39","slug":"i-mostra-biblica-catequese-eucaristica","status":"publish","type":"post","link":"https:\/\/www.r2cpress.com.br\/v1\/2011\/09\/19\/i-mostra-biblica-catequese-eucaristica\/","title":{"rendered":"I Mostra Bibl\u00edca &#8211; Catequese Eucar\u00edstica"},"content":{"rendered":"<p>Bom dia Rabat,<\/p>\n<p>N\u00f3s, catequistas e catequizandos, da Par\u00f3quia S\u00e3o Jo\u00e3o Batista \u2013 Pontal convidamos a todos para nossa I MOSTRA B\u00cdBLICA DA CATEQUESE DE INICIA\u00c7\u00c3O \u00c0 VIDA EUCAR\u00cdSTICA.<\/p>\n<p>Teremos v\u00e1rios &#8216;stands&#8217; com a exposi\u00e7\u00e3o dos trabalhos produzidos pelos nossos catequizandos durante este m\u00eas de Setembro, inspirados no  tema &#8220;B\u00edblia, Palavra de Deus na vida da gente&#8221;.<\/p>\n<p>A Mostra acontecer\u00e1 no pr\u00f3ximo s\u00e1bado, 24 de setembro, a partir das 14h30, no p\u00e1tio e nas salas de catequese da Igreja de S\u00e3o Jo\u00e3o Batista &#8211; Pontal &#8211; Ilh\u00e9us.<br \/>\nApare\u00e7am e prestigiem o trabalho da nossa catequese paroquial!<\/p>\n<p>Agradecemos a divulga\u00e7\u00e3o do evento no seu prestigiado blog.<\/p>\n<p>Fique com Deus.<\/p>\n<p>Rosana &#8211; Coordenadora da Catequese de Inicia\u00e7\u00e3o \u00e0 Vida Eucar\u00edstica<\/p>\n","protected":false},"excerpt":{"rendered":"<p>Bom dia Rabat, N\u00f3s, catequistas e catequizandos, da Par\u00f3quia S\u00e3o Jo\u00e3o Batista \u2013 Pontal convidamos a todos para nossa I MOSTRA B\u00cdBLICA DA CATEQUESE DE INICIA\u00c7\u00c3O \u00c0 VIDA EUCAR\u00cdSTICA. Teremos v\u00e1rios &#8216;stands&#8217; com a exposi\u00e7\u00e3o dos trabalhos produzidos pelos nossos catequizandos durante este m\u00eas de Setembro, inspirados no tema &#8220;B\u00edblia, Palavra de Deus na vida [&hellip;]<\/p>\n","protected":false},"author":2,"featured_media":0,"comment_status":"open","ping_status":"open","sticky":false,"template":"","format":"standard","meta":{"_links_to":"","_links_to_target":""},"categories":[10],"tags":[],"_links":{"self":[{"href":"https:\/\/www.r2cpress.com.br\/v1\/wp-json\/wp\/v2\/posts\/24596"}],"collection":[{"href":"https:\/\/www.r2cpress.com.br\/v1\/wp-json\/wp\/v2\/posts"}],"about":[{"href":"https:\/\/www.r2cpress.com.br\/v1\/wp-json\/wp\/v2\/types\/post"}],"author":[{"embeddable":true,"href":"https:\/\/www.r2cpress.com.br\/v1\/wp-json\/wp\/v2\/users\/2"}],"replies":[{"embeddable":true,"href":"https:\/\/www.r2cpress.com.br\/v1\/wp-json\/wp\/v2\/comments?post=24596"}],"version-history":[{"count":2,"href":"https:\/\/www.r2cpress.com.br\/v1\/wp-json\/wp\/v2\/posts\/24596\/revisions"}],"predecessor-version":[{"id":24598,"href":"https:\/\/www.r2cpress.com.br\/v1\/wp-json\/wp\/v2\/posts\/24596\/revisions\/24598"}],"wp:attachment":[{"href":"https:\/\/www.r2cpress.com.br\/v1\/wp-json\/wp\/v2\/media?parent=24596"}],"wp:term":[{"taxonomy":"category","embeddable":true,"href":"https:\/\/www.r2cpress.com.br\/v1\/wp-json\/wp\/v2\/categories?post=24596"},{"taxonomy":"post_tag","embeddable":true,"href":"https:\/\/www.r2cpress.com.br\/v1\/wp-json\/wp\/v2\/tags?post=24596"}],"curies":[{"name":"wp","href":"https:\/\/api.w.org\/{rel}","templated":true}]}}