{"id":24610,"date":"2011-09-20T18:11:52","date_gmt":"2011-09-20T21:11:52","guid":{"rendered":"http:\/\/www.r2cpress.com.br\/v1\/?p=24610"},"modified":"2011-09-20T18:11:52","modified_gmt":"2011-09-20T21:11:52","slug":"ciretran-intensifica-trabalho-de-prevencao-no-transito-de-ilheus","status":"publish","type":"post","link":"https:\/\/www.r2cpress.com.br\/v1\/2011\/09\/20\/ciretran-intensifica-trabalho-de-prevencao-no-transito-de-ilheus\/","title":{"rendered":"Ciretran intensifica trabalho de preven\u00e7\u00e3o no tr\u00e2nsito de Ilh\u00e9us"},"content":{"rendered":"<p>13\u00aa CIRETRAN (ILH\u00c9US)<br \/>\nMaterial informativo<br \/>\nIlh\u00e9us, 20 de setembro de 2011<\/p>\n<p>Ciretran intensifica trabalho de preven\u00e7\u00e3o no tr\u00e2nsito de Ilh\u00e9us<\/p>\n<p>Desde segunda-feira (19), todas as manh\u00e3s e tardes que cerca de 100 alunos dos col\u00e9gios estaduais Paulo Am\u00e9rico, Professor F\u00e1bio Araripe Goulart, Antonio S\u00e1 Pereira e do Centro Educacional \u00c1lvaro Mello Vieira (Ceamev) de Ilh\u00e9us est\u00e3o assistindo palestras educativas, como parte das comemora\u00e7\u00f5es da Semana Nacional do Tr\u00e2nsito. As atividades acontecem na sede da Caerc, Distrito Industrial, no bairro do Iguape. <\/p>\n<p>O ciclo de palestras ser\u00e1 encerrado nesta sexta-feira (23), com o apoio dos Centros de Forma\u00e7\u00e3o de Condutores Bastos e Santa Cec\u00edlia que ir\u00e3o sortear quatro bolsas de primeira carteira de habilita\u00e7\u00e3o nas categorias \u201cA\u201d (duas rodas) ou \u201cB\u201d (quatro rodas) para os alunos de escolas p\u00fablicas com idade acima de 18 anos que est\u00e3o cursando o ensino m\u00e9dio. Nos dias 22 e 23 ser\u00e1 realizado um semin\u00e1rio dirigido a motocicletas. Na oportunidade, haver\u00e1 outro sorteio de brindes, incluindo capacetes. <\/p>\n<p>O diretor-regional do \u00f3rg\u00e3o em Ilh\u00e9us, Antonio Ock\u00e9, informou que a Semana Nacional do Tr\u00e2nsito este ano tem como tema \u201cD\u00e9cada mundial de a\u00e7\u00f5es para a seguran\u00e7a. Juntos podemos salvar milh\u00f5es de vidas\u201d, cuja abertura aconteceu com trabalho educativo e panfletagem, na avenida Lomanto J\u00fanior, bairro do Pontal. Atualmente, cerca de 27 mil e 500 ve\u00edculos est\u00e3o cadastrados na Ciretran de Ilh\u00e9us.<\/p>\n<p>Antonio Ock\u00e9 disse que a preocupa\u00e7\u00e3o do \u00f3rg\u00e3o \u00e9 com a realiza\u00e7\u00e3o de a\u00e7\u00f5es preventivas e educativas que t\u00eam o car\u00e1ter de conscientizar as pessoas para o grande \u00edndice de fatalidades ocorridas no tr\u00e2nsito. Segundo o Detran, a Bahia ocupa o terceiro lugar do nordeste em n\u00famero de mortes nas rodovias. Cerca de 38 mil pessoas morrem em acidentes de tr\u00e2nsito no Brasil e uma m\u00e9dia de 124 mil internadas com les\u00f5es. Os motociclistas t\u00eam o registro de 32,5% deste percentual de internamentos.<br \/>\nOrganizada pela 13\u00aa Ciretran, a Semana Nacional do Tr\u00e2nsito de Ilh\u00e9us tem como parceiros o Corpo de Bombeiros, as 68\u00aa, 69\u00aa e a 70\u00aa Companhias Independes da Pol\u00edcia Militar (CIPM), a Caerc, as secretarias municipais de Educa\u00e7\u00e3o e de Transporte e Tr\u00e2nsito, al\u00e9m da Diretoria Regional de Educa\u00e7\u00e3o (6\u00aa Direc).<\/p>\n","protected":false},"excerpt":{"rendered":"<p>13\u00aa CIRETRAN (ILH\u00c9US) Material informativo Ilh\u00e9us, 20 de setembro de 2011 Ciretran intensifica trabalho de preven\u00e7\u00e3o no tr\u00e2nsito de Ilh\u00e9us Desde segunda-feira (19), todas as manh\u00e3s e tardes que cerca de 100 alunos dos col\u00e9gios estaduais Paulo Am\u00e9rico, Professor F\u00e1bio Araripe Goulart, Antonio S\u00e1 Pereira e do Centro Educacional \u00c1lvaro Mello Vieira (Ceamev) de Ilh\u00e9us [&hellip;]<\/p>\n","protected":false},"author":2,"featured_media":0,"comment_status":"open","ping_status":"open","sticky":false,"template":"","format":"standard","meta":{"_links_to":"","_links_to_target":""},"categories":[25],"tags":[],"_links":{"self":[{"href":"https:\/\/www.r2cpress.com.br\/v1\/wp-json\/wp\/v2\/posts\/24610"}],"collection":[{"href":"https:\/\/www.r2cpress.com.br\/v1\/wp-json\/wp\/v2\/posts"}],"about":[{"href":"https:\/\/www.r2cpress.com.br\/v1\/wp-json\/wp\/v2\/types\/post"}],"author":[{"embeddable":true,"href":"https:\/\/www.r2cpress.com.br\/v1\/wp-json\/wp\/v2\/users\/2"}],"replies":[{"embeddable":true,"href":"https:\/\/www.r2cpress.com.br\/v1\/wp-json\/wp\/v2\/comments?post=24610"}],"version-history":[{"count":2,"href":"https:\/\/www.r2cpress.com.br\/v1\/wp-json\/wp\/v2\/posts\/24610\/revisions"}],"predecessor-version":[{"id":24612,"href":"https:\/\/www.r2cpress.com.br\/v1\/wp-json\/wp\/v2\/posts\/24610\/revisions\/24612"}],"wp:attachment":[{"href":"https:\/\/www.r2cpress.com.br\/v1\/wp-json\/wp\/v2\/media?parent=24610"}],"wp:term":[{"taxonomy":"category","embeddable":true,"href":"https:\/\/www.r2cpress.com.br\/v1\/wp-json\/wp\/v2\/categories?post=24610"},{"taxonomy":"post_tag","embeddable":true,"href":"https:\/\/www.r2cpress.com.br\/v1\/wp-json\/wp\/v2\/tags?post=24610"}],"curies":[{"name":"wp","href":"https:\/\/api.w.org\/{rel}","templated":true}]}}