{"id":24635,"date":"2011-09-20T19:41:49","date_gmt":"2011-09-20T22:41:49","guid":{"rendered":"http:\/\/www.r2cpress.com.br\/v1\/?p=24635"},"modified":"2011-09-20T19:41:49","modified_gmt":"2011-09-20T22:41:49","slug":"eduardo-sobral-na-sudic","status":"publish","type":"post","link":"https:\/\/www.r2cpress.com.br\/v1\/2011\/09\/20\/eduardo-sobral-na-sudic\/","title":{"rendered":"Eduardo Sobral  na SUDIC"},"content":{"rendered":"<p>Eduardo Sobral nomeado para a  SUDIC (Superintend\u00eancia de Desenvolvimento Industrial e Comercial  de Ilh\u00e9us) conforme decreto 198\/11.  <\/p>\n<p>A indica\u00e7\u00e3o de Eduardo Jos\u00e9 do Amaral Sobral, para a subger\u00eancia da SUDIC, foi do secret\u00e1rio do PP, Jabes Ribeiro.<\/p>\n","protected":false},"excerpt":{"rendered":"<p>Eduardo Sobral nomeado para a SUDIC (Superintend\u00eancia de Desenvolvimento Industrial e Comercial de Ilh\u00e9us) conforme decreto 198\/11. A indica\u00e7\u00e3o de Eduardo Jos\u00e9 do Amaral Sobral, para a subger\u00eancia da SUDIC, foi do secret\u00e1rio do PP, Jabes Ribeiro.<\/p>\n","protected":false},"author":2,"featured_media":0,"comment_status":"open","ping_status":"open","sticky":false,"template":"","format":"standard","meta":{"_links_to":"","_links_to_target":""},"categories":[1],"tags":[],"_links":{"self":[{"href":"https:\/\/www.r2cpress.com.br\/v1\/wp-json\/wp\/v2\/posts\/24635"}],"collection":[{"href":"https:\/\/www.r2cpress.com.br\/v1\/wp-json\/wp\/v2\/posts"}],"about":[{"href":"https:\/\/www.r2cpress.com.br\/v1\/wp-json\/wp\/v2\/types\/post"}],"author":[{"embeddable":true,"href":"https:\/\/www.r2cpress.com.br\/v1\/wp-json\/wp\/v2\/users\/2"}],"replies":[{"embeddable":true,"href":"https:\/\/www.r2cpress.com.br\/v1\/wp-json\/wp\/v2\/comments?post=24635"}],"version-history":[{"count":2,"href":"https:\/\/www.r2cpress.com.br\/v1\/wp-json\/wp\/v2\/posts\/24635\/revisions"}],"predecessor-version":[{"id":24637,"href":"https:\/\/www.r2cpress.com.br\/v1\/wp-json\/wp\/v2\/posts\/24635\/revisions\/24637"}],"wp:attachment":[{"href":"https:\/\/www.r2cpress.com.br\/v1\/wp-json\/wp\/v2\/media?parent=24635"}],"wp:term":[{"taxonomy":"category","embeddable":true,"href":"https:\/\/www.r2cpress.com.br\/v1\/wp-json\/wp\/v2\/categories?post=24635"},{"taxonomy":"post_tag","embeddable":true,"href":"https:\/\/www.r2cpress.com.br\/v1\/wp-json\/wp\/v2\/tags?post=24635"}],"curies":[{"name":"wp","href":"https:\/\/api.w.org\/{rel}","templated":true}]}}