{"id":24638,"date":"2011-09-20T19:49:02","date_gmt":"2011-09-20T22:49:02","guid":{"rendered":"http:\/\/www.r2cpress.com.br\/v1\/?p=24638"},"modified":"2011-09-20T19:49:39","modified_gmt":"2011-09-20T22:49:39","slug":"semana-nacional-do-transito","status":"publish","type":"post","link":"https:\/\/www.r2cpress.com.br\/v1\/2011\/09\/20\/semana-nacional-do-transito\/","title":{"rendered":"SEMANA NACIONAL DO TR\u00c2NSITO"},"content":{"rendered":"<p><strong>CTB, artigo 326, onde prev\u00ea a Comemora\u00e7\u00e3o anual de 18 \u00e1 25 de setembro. Que no ano vigente tem como tema:<\/strong><\/p>\n<p align=\"center\"><strong>\u201cTEMA OFICIAL: D\u00c9CADA MUNDIAL DE A\u00c7\u00d5ES PARA A SEGURAN\u00c7A NO TRANSITO\u201d.<\/strong><\/p>\n<p align=\"center\"><strong><span style=\"text-decoration: underline;\">\u00a0JUNTOS PODEMOS SALVAR MILH\u00d5ES DE VIDAS<\/span><\/strong><\/p>\n<p>&nbsp;<\/p>\n<p><strong><span style=\"text-decoration: underline;\">DIA 18\/09\/2011 (DOMINGO)<\/span><\/strong><\/p>\n<p><strong><span style=\"text-decoration: underline;\"><br \/>\n<\/span><\/strong><\/p>\n<ul>\n<li><span style=\"text-decoration: underline;\">Abertura: Comando Educativo e Panfletagem<\/span><\/li>\n<\/ul>\n<p><span style=\"text-decoration: underline;\">Local: Av. Lomanto Junior<\/span><\/p>\n<p><span style=\"text-decoration: underline;\">Hor\u00e1rio: 09:00 hs \u00e0s 11:00 hs<\/span><\/p>\n<p>&nbsp;<\/p>\n<p><strong><span style=\"text-decoration: underline;\">DIA 19\/09\/2011 (SEGUNDA-FEIRA)<\/span><\/strong><\/p>\n<p><span style=\"text-decoration: underline;\"><br \/>\n<\/span><\/p>\n<ul>\n<li><span style=\"text-decoration: underline;\">Comando Educativo<\/span><\/li>\n<\/ul>\n<p><span style=\"text-decoration: underline;\"><br \/>\n<\/span><\/p>\n<ul>\n<li><span style=\"text-decoration: underline;\">Exposi\u00e7\u00e3o de Transito\/Palestra Educativa <strong>MANH\u00c3<\/strong>: SD\/VERONICA, CRISTINA\/DETRAN e ALESSANDRA\/SETRANS <strong>TARDE<\/strong>: ASP\/OF\/PM-TAMILES, SD KATIA e ALESSANDRA\/SETRANS.<\/span><\/li>\n<\/ul>\n<p><span style=\"text-decoration: underline;\">Local: SEDE DA CAERC NO DISTRITO INDUSTRIAL<\/span><\/p>\n<p><span style=\"text-decoration: underline;\">Hor\u00e1rio: 09:00 hs e 15:00 hs.<\/span><\/p>\n<p><strong><span style=\"text-decoration: underline;\">MANH\u00c3: COLEGIOS ESTADUAIS<\/span><\/strong><\/p>\n<p><strong><span style=\"text-decoration: underline;\">TARDE: COLEGIOS MUNICIPAIS<\/span><\/strong><span style=\"text-decoration: underline;\">.<\/span><\/p>\n<p>&nbsp;<\/p>\n<p><strong><span style=\"text-decoration: underline;\">DIA 20\/09\/2011 (TER\u00c7A-FEIRA)<\/span><\/strong><\/p>\n<p><strong><span style=\"text-decoration: underline;\"><br \/>\n<\/span><\/strong><\/p>\n<ul>\n<li><span style=\"text-decoration: underline;\">Comando Educativo<\/span><\/li>\n<\/ul>\n<p><span style=\"text-decoration: underline;\"><br \/>\n<\/span><\/p>\n<ul>\n<li><span style=\"text-decoration: underline;\">Exposi\u00e7\u00e3o de Transito\/Palestra Educativa <strong>MANH\u00c3<\/strong> (SD-KATIA, CRISTINA\/DETRAN e ALESSANDRA\/SETRANS \u00a0<strong>TARDE<\/strong>: SD-VERONICA, ASP\/OF\/PM- TAMILES, \u00a0CRISTINA\/DETRAN,\u00a0 ALESSANDRA\/SETRANS<\/span><\/li>\n<\/ul>\n<p><span style=\"text-decoration: underline;\">Local: SEDE DA CAERC NO DISTRITO INDUSTRIAL<\/span><\/p>\n<p><span style=\"text-decoration: underline;\">Hor\u00e1rio: 09:00hs e 15:00 hs.<strong> <\/strong><\/span><\/p>\n<p><strong><span style=\"text-decoration: underline;\">MANH\u00c3: COLEGIOS ESTADUAIS<\/span><\/strong><\/p>\n<p><strong><span style=\"text-decoration: underline;\">TARDE: COLEGIOS MUNICIPAIS<\/span><\/strong><\/p>\n<p>&nbsp;<\/p>\n<p><strong><span style=\"text-decoration: underline;\">21\/09\/2011 (QUARTA-FEIRA)<\/span><\/strong><\/p>\n<p><strong><span style=\"text-decoration: underline;\"><!--more--><br \/>\n<\/span><\/strong><\/p>\n<ul>\n<li><span style=\"text-decoration: underline;\">Comando Educativo <\/span><\/li>\n<\/ul>\n<p><strong><span style=\"text-decoration: underline;\"><br \/>\n<\/span><\/strong><\/p>\n<ul>\n<li><span style=\"text-decoration: underline;\">Exposi\u00e7\u00e3o de Transito\/Palestra Educativa <strong>MANH\u00c3<\/strong> SD- VERONICA,\u00a0 SD KATIA\u00a0 e\u00a0 ALESSANDRA\/SETRANS \u00a0<strong>TARDE<\/strong>: ASP\/OF\/PM-TAMILES, SD KATIA, ALESSANDRA, CRISTINA\/DETRAN)<\/span><\/li>\n<\/ul>\n<p><span style=\"text-decoration: underline;\">Local: SEDE DA CAERC NO DISTRITO INDUSTRIAL<\/span><\/p>\n<p><span style=\"text-decoration: underline;\">Hor\u00e1rio: 09:00hs e 15:00 hs.<\/span><\/p>\n<p><strong><span style=\"text-decoration: underline;\">\u00a0MANH\u00c3: COLEGIOS ESTADUAIS<\/span><\/strong><\/p>\n<p><strong><span style=\"text-decoration: underline;\">TARDE: COLEGIOS MUNICIPAIS<\/span><\/strong><span style=\"text-decoration: underline;\">.<\/span><\/p>\n<p><span style=\"text-decoration: underline;\"><br \/>\n<\/span><\/p>\n<p><strong><span style=\"text-decoration: underline;\">DIA 22\/09\/2011 (QUINTA-FEIRA)<\/span><\/strong><\/p>\n<p><span style=\"text-decoration: underline;\"><br \/>\n<\/span><\/p>\n<ul>\n<li><span style=\"text-decoration: underline;\">Comando Educativo<\/span><\/li>\n<\/ul>\n<p><span style=\"text-decoration: underline;\"><br \/>\n<\/span><\/p>\n<ul>\n<li><span style=\"text-decoration: underline;\">\u00a0Exposi\u00e7\u00e3o de Transito\/Palestra Educativa <strong>MANH\u00c3<\/strong> CRISTINA\/DETRAN, ALESSANDRA\/SETRANS, SD.KATIA <strong>TARDE<\/strong>: SD-VERONICA, ASP\/OF\/PM- TAMILES, SD KATIA, ALESSANDRA, <\/span><\/li>\n<\/ul>\n<p><span style=\"text-decoration: underline;\">Local: SEDE DA CAERC NO DISTRITO INDUSTRIAL<\/span><\/p>\n<p><span style=\"text-decoration: underline;\">Hor\u00e1rio: 09:00hs e 15:00 hs \u00a0<\/span><\/p>\n<p><strong><span style=\"text-decoration: underline;\">MANH\u00c3: COLEGIOS ESTADUAIS<\/span><\/strong><\/p>\n<p><strong><span style=\"text-decoration: underline;\">TARDE: COLEGIOS MUNICIPAIS<\/span><\/strong><\/p>\n<p><span style=\"text-decoration: underline;\"><br \/>\n<\/span><\/p>\n<ul>\n<li><span style=\"text-decoration: underline;\">Semin\u00e1rio de Transito para Motoboy\/Motociclista<\/span><\/li>\n<\/ul>\n<p><span style=\"text-decoration: underline;\">LOCAL: Audit\u00f3rio do Restaurante Meira- (Rua Araujo Pinho-Centro)<\/span><\/p>\n<p><span style=\"text-decoration: underline;\">Hor\u00e1rio: 19:30 \u00e0s 22:00 hs Tema: (<strong>MOTOCLISTA<\/strong>) Psicologia de Transito, Uso de Equipamentos Obrigat\u00f3rios Causas de Acidentes e Seguran\u00e7a no Trabalho.<\/span><\/p>\n<p><span style=\"text-decoration: underline;\"><br \/>\n<\/span><\/p>\n<p><strong><span style=\"text-decoration: underline;\">DIA 23\/09\/2011 (SEXTA-FEIRA)<\/span><\/strong><\/p>\n<p><strong><span style=\"text-decoration: underline;\"><br \/>\n<\/span><\/strong><\/p>\n<ul>\n<li><span style=\"text-decoration: underline;\">Comando Educativo<\/span><\/li>\n<\/ul>\n<p><span style=\"text-decoration: underline;\"><br \/>\n<\/span><\/p>\n<ul>\n<li><span style=\"text-decoration: underline;\">Exposi\u00e7\u00e3o de Transito\/Palestra Educativa<strong> MANH\u00c3<\/strong> CRISTINA\/DETRAN, ALESSANDRA\/SETRANS, SD.KATIA, SD-VERONICA, ASP\/OF\/PM-TAMILES, SD KATIA.<\/span><\/li>\n<\/ul>\n<p><span style=\"text-decoration: underline;\">Local: SEDE DA CAERC NO DISTRITO INDUSTRIAL<\/span><\/p>\n<p><span style=\"text-decoration: underline;\">Hor\u00e1rio: 09:00hs e 15:00 hs<\/span><\/p>\n<p><strong><span style=\"text-decoration: underline;\">MANH\u00c3: COLEGIOS ESTADUAIS<\/span><\/strong><\/p>\n<p><strong><span style=\"text-decoration: underline;\">\u00a0<\/span><\/strong><\/p>\n<p><strong><span style=\"text-decoration: underline;\">OBS. SER\u00c1 SORTEADO NA SEXTA-FEIRA AO ENCERRAR AS PALESTRAS EDUCATIVAS COM OS ALUNOS DO 2\u00ba E 3\u00ba ANO, QUE PARTICIPARAM DAS PALESTRAS 04 BOLSAS DO CURSO T\u00c9ORICO E PR\u00c1TICO DE DIRE\u00c7\u00c3O VEICULAR, OFERTADAS PELO CFC ILH\u00c9US E SANTA CECILIA. ENTRE OUTROS BRINDES.<\/span><\/strong><\/p>\n<p>&nbsp;<\/p>\n<ul>\n<li><span style=\"text-decoration: underline;\">Semin\u00e1rio de Transito para Motoboy\/Motociclista<\/span><\/li>\n<\/ul>\n<p><span style=\"text-decoration: underline;\">LOCAL: Audit\u00f3rio do Restaurante Meira- (Rua Araujo Pinho-Centro)<\/span><\/p>\n<p><span style=\"text-decoration: underline;\">Hor\u00e1rio: 19:30 \u00e0s 22:00 hs Tema: (<strong>MOTOCLISTA<\/strong>) Psicologia de Transito, Uso de Equipamentos Obrigat\u00f3rios Causas de Acidentes e Seguran\u00e7a no Trabalho.<\/span><\/p>\n<p><span style=\"text-decoration: underline;\"><br \/>\n<\/span><\/p>\n<p><span style=\"text-decoration: underline;\">Encerramento c\/ entrega dos certificados<\/span><\/p>\n<p><span style=\"text-decoration: underline;\"><br \/>\n<\/span><\/p>\n<p><strong><span style=\"text-decoration: underline;\">OBS. SER\u00c1 SORTEADO NO FINAL DO SEMINARIO COM OS MOTOCICLISTA QUE PARTICIPAREM DO SEMARIO, CAPACETES E ALGUNS EQUIPAMENTOS OBRIGAT\u00d3RIOS<\/span><\/strong><span style=\"text-decoration: underline;\">.<\/span><\/p>\n<p>&nbsp;<\/p>\n<p><strong><span style=\"text-decoration: underline;\">VEICULA\u00c7\u00c3O DA CAMPANHA EDUCATIVA NOS<\/span><\/strong><\/p>\n<p><strong>\u00a0\u00a0\u00a0\u00a0\u00a0\u00a0\u00a0\u00a0\u00a0\u00a0\u00a0\u00a0\u00a0\u00a0\u00a0\u00a0 <span style=\"text-decoration: underline;\">VEICULOS DE COMUNICA\u00c7\u00c3O<\/span><\/strong><\/p>\n<p>&nbsp;<\/p>\n<p><span style=\"text-decoration: underline;\">Coordena\u00e7\u00e3o:<\/span><\/p>\n<p><strong><span style=\"text-decoration: underline;\">Jos\u00e9 Antonio Chagouri Ock\u00e9<\/span><\/strong><span style=\"text-decoration: underline;\"> \u2013 Coordenador da 13\u00aa CIRETRAN<\/span><\/p>\n<p><strong><span style=\"text-decoration: underline;\">Maria Luiza Matos Clement<\/span><\/strong><span style=\"text-decoration: underline;\"> \u2013 Assessora e Coord. Educa\u00e7\u00e3o para o Tr\u00e2nsito<strong> <\/strong><\/span><\/p>\n<p><strong><span style=\"text-decoration: underline;\">Participa\u00e7\u00e3o<\/span><\/strong><span style=\"text-decoration: underline;\"> SETRANS, CAERC. 68\u00ba CIPM, 69\u00ba CIPM, 70\u00baCIPM,\u00a0 CORPO DE BOMBEIROS, SECRETARIA MUNICIPAL DE EDUCA\u00c7\u00c3O e DIREC-6.<\/span><\/p>\n","protected":false},"excerpt":{"rendered":"<p>CTB, artigo 326, onde prev\u00ea a Comemora\u00e7\u00e3o anual de 18 \u00e1 25 de setembro. Que no ano vigente tem como tema: \u201cTEMA OFICIAL: D\u00c9CADA MUNDIAL DE A\u00c7\u00d5ES PARA A SEGURAN\u00c7A NO TRANSITO\u201d. \u00a0JUNTOS PODEMOS SALVAR MILH\u00d5ES DE VIDAS &nbsp; DIA 18\/09\/2011 (DOMINGO) Abertura: Comando Educativo e Panfletagem Local: Av. Lomanto Junior Hor\u00e1rio: 09:00 hs \u00e0s [&hellip;]<\/p>\n","protected":false},"author":2,"featured_media":0,"comment_status":"open","ping_status":"open","sticky":false,"template":"","format":"standard","meta":{"_links_to":"","_links_to_target":""},"categories":[25],"tags":[],"_links":{"self":[{"href":"https:\/\/www.r2cpress.com.br\/v1\/wp-json\/wp\/v2\/posts\/24638"}],"collection":[{"href":"https:\/\/www.r2cpress.com.br\/v1\/wp-json\/wp\/v2\/posts"}],"about":[{"href":"https:\/\/www.r2cpress.com.br\/v1\/wp-json\/wp\/v2\/types\/post"}],"author":[{"embeddable":true,"href":"https:\/\/www.r2cpress.com.br\/v1\/wp-json\/wp\/v2\/users\/2"}],"replies":[{"embeddable":true,"href":"https:\/\/www.r2cpress.com.br\/v1\/wp-json\/wp\/v2\/comments?post=24638"}],"version-history":[{"count":5,"href":"https:\/\/www.r2cpress.com.br\/v1\/wp-json\/wp\/v2\/posts\/24638\/revisions"}],"predecessor-version":[{"id":24643,"href":"https:\/\/www.r2cpress.com.br\/v1\/wp-json\/wp\/v2\/posts\/24638\/revisions\/24643"}],"wp:attachment":[{"href":"https:\/\/www.r2cpress.com.br\/v1\/wp-json\/wp\/v2\/media?parent=24638"}],"wp:term":[{"taxonomy":"category","embeddable":true,"href":"https:\/\/www.r2cpress.com.br\/v1\/wp-json\/wp\/v2\/categories?post=24638"},{"taxonomy":"post_tag","embeddable":true,"href":"https:\/\/www.r2cpress.com.br\/v1\/wp-json\/wp\/v2\/tags?post=24638"}],"curies":[{"name":"wp","href":"https:\/\/api.w.org\/{rel}","templated":true}]}}