{"id":24647,"date":"2011-09-20T20:18:52","date_gmt":"2011-09-20T23:18:52","guid":{"rendered":"http:\/\/www.r2cpress.com.br\/v1\/?p=24647"},"modified":"2011-09-20T20:18:52","modified_gmt":"2011-09-20T23:18:52","slug":"heckel-januario-em-valeu-marcou-e-fez-a-diferenca","status":"publish","type":"post","link":"https:\/\/www.r2cpress.com.br\/v1\/2011\/09\/20\/heckel-januario-em-valeu-marcou-e-fez-a-diferenca\/","title":{"rendered":"Heckel Janu\u00e1rio em: VALEU, MARCOU E FEZ A DIFEREN\u00c7A"},"content":{"rendered":"<p><img loading=\"lazy\" class=\"alignleft\" src=\"http:\/\/www.r2cpress.com.br\/v1\/wp-content\/uploads\/HECKEL-NOVA.jpg\" alt=\"\" width=\"300\" height=\"129\" \/>O\u00a0 7 de Setembro seria como outros se no Distrito Federal um acontecimento da maior relev\u00e2ncia, a Marcha Contra a Corrup\u00e7\u00e3o, n\u00e3o tivesse acontecido.<\/p>\n<p>Nascida apartid\u00e1ria e do clamor popular, a meu ver ela parodiou o velho slogan da sa\u00fava e, aos tr\u00eas poderes da Rep\u00fablica disse: Chega, \u201cOu se acaba com a corrup\u00e7\u00e3o, ou a corrup\u00e7\u00e3o acaba com o Brasil\u201d.<\/p>\n<p>Como brasileiro os festejos solenes da data, apesar dos pesares, ainda me enchem de j\u00fabilo e emo\u00e7\u00e3o, agora, o lado cidad\u00e3o cansado de tanto sentir prosperar este mal na pol\u00edtica brasileira, n\u00e3o poderia deixar de entender que o garbo de uma parada, de um desfile pode simular um Brasil \u00e9tico e esconder debaixo do tapete uma terr\u00edvel realidade.<\/p>\n<p>C\u00e1 de fora das quatro linhas, aqui da Capitania dos Ilh\u00e9us, do notici\u00e1rio captava os protestos atrav\u00e9s de faixas, cartazes e outros recursos direcionados a institui\u00e7\u00f5es e autoridades. E eram variados como, por exemplo, um que clamava pela aplica\u00e7\u00e3o da Lei da Ficha Limpa; outro pedia a sa\u00edda do presidente da CBF- Confedera\u00e7\u00e3o Brasileira de Futebol, Ricardo Teixeira.\u00a0 Um, por\u00e9m muito sugestivo pareceu sintetizar os demais ao relacionar o ditador l\u00edbio Muamar Kadafi \u00e0 pol\u00edtica brasileira com a faixa \u201cKadafi, n\u00e3o importa o seu passado, no Brasil voc\u00ea pode ser deputado\u201d, ir\u00f4nica lembran\u00e7a de que qualquer um pode se candidatar a cargo pol\u00edtico sem a necess\u00e1ria avalia\u00e7\u00e3o da ficha criminal. Entendeu? Precisa dizer mais alguma coisa?!<\/p>\n<p><!--more--><\/p>\n<p>Logo ap\u00f3s o evento, \u00e0 sua grandeza, homens de bem e entre estes, representantes pol\u00edticos \u2013raros, infelizmente com \u00a0tal qualifica\u00e7\u00e3o\u2013, a \u00a0igualaram \u00a0a do impeachment do ex-presidente Collor. Dia seguinte no Senado pegando o gancho Pedro Simon apelava para um entendimento com a oposi\u00e7\u00e3o para uma elei\u00e7\u00e3o de princ\u00edpios objetivando p\u00f4r fim \u00e0 \u201cinfidelidade partid\u00e1ria\u201d e tornar a corrup\u00e7\u00e3o um crime hediondo; \u00c1lvaro Dias se manifestava a favor de uma CPI, e Cristov\u00e3o Buarque intimava a Presidente Dilma a antecipar tais fatos antes de pipocarem nos meios de comunica\u00e7\u00e3o, condi\u00e7\u00e3o de n\u00e3o aceitar a forma\u00e7\u00e3o de uma Comiss\u00e3o Parlamentar para investig\u00e1-los.<\/p>\n<p>N\u00e3o tive a oportunidade de assistir a opini\u00e3o dos deputados pela sua TV, provavelmente os consequentes se pronunciaram. Como se sabe a reputa\u00e7\u00e3o desta Casa na opini\u00e3o p\u00fablica, pelas continuadas e j\u00e1 avolumadas ocorr\u00eancias nada abonadoras, \u00e9 ruim; com a recent\u00edssima \u201cvota\u00e7\u00e3o \u00e0s escondidas\u201d, que absorveu uma deputada da cassa\u00e7\u00e3o, tudo indica haver piorado. Al\u00e9m disso, \u00e9 bom lembrar, o Congresso Nacional foi um dos principais alvos de protesto da Marcha.<\/p>\n<p>A organiza\u00e7\u00e3o n\u00e3o aceitou a participa\u00e7\u00e3o de Partidos Pol\u00edticos. Pra que se a desvios de dinheiro p\u00fablico o Partido <strong>\u2013<\/strong>sem exce\u00e7\u00e3o<strong>\u2013<\/strong> simplesmente <strong>\u2013<\/strong>se \u00a0o acusado for um partid\u00e1rio<strong>\u2013<\/strong> por \u00a0incr\u00edvel que pare\u00e7a faz vista grossa! E vai \u00e0s \u00faltimas conseq\u00fc\u00eancias se dentro dele for \u201cbicho grande\u201d, mesmo publicamente desmoralizado<strong>! <\/strong><\/p>\n<p>Bom, o importante \u00e9 que a Marcha Contra a Corrup\u00e7\u00e3o na capital da Rep\u00fablica valeu, marcou e fez a diferen\u00e7a no 7 de Setembro de 2011. Que a iniciativa dos cidad\u00e3os brasilienses sirva para motivar neste sentido outros \u201cgritos de guerra\u201d por todo o Brasil.<\/p>\n<p>&nbsp;<\/p>\n<p>Heckel Janu\u00e1rio<\/p>\n","protected":false},"excerpt":{"rendered":"<p>O\u00a0 7 de Setembro seria como outros se no Distrito Federal um acontecimento da maior relev\u00e2ncia, a Marcha Contra a Corrup\u00e7\u00e3o, n\u00e3o tivesse acontecido. Nascida apartid\u00e1ria e do clamor popular, a meu ver ela parodiou o velho slogan da sa\u00fava e, aos tr\u00eas poderes da Rep\u00fablica disse: Chega, \u201cOu se acaba com a corrup\u00e7\u00e3o, ou [&hellip;]<\/p>\n","protected":false},"author":2,"featured_media":0,"comment_status":"open","ping_status":"open","sticky":false,"template":"","format":"standard","meta":{"_links_to":"","_links_to_target":""},"categories":[10],"tags":[],"_links":{"self":[{"href":"https:\/\/www.r2cpress.com.br\/v1\/wp-json\/wp\/v2\/posts\/24647"}],"collection":[{"href":"https:\/\/www.r2cpress.com.br\/v1\/wp-json\/wp\/v2\/posts"}],"about":[{"href":"https:\/\/www.r2cpress.com.br\/v1\/wp-json\/wp\/v2\/types\/post"}],"author":[{"embeddable":true,"href":"https:\/\/www.r2cpress.com.br\/v1\/wp-json\/wp\/v2\/users\/2"}],"replies":[{"embeddable":true,"href":"https:\/\/www.r2cpress.com.br\/v1\/wp-json\/wp\/v2\/comments?post=24647"}],"version-history":[{"count":3,"href":"https:\/\/www.r2cpress.com.br\/v1\/wp-json\/wp\/v2\/posts\/24647\/revisions"}],"predecessor-version":[{"id":24650,"href":"https:\/\/www.r2cpress.com.br\/v1\/wp-json\/wp\/v2\/posts\/24647\/revisions\/24650"}],"wp:attachment":[{"href":"https:\/\/www.r2cpress.com.br\/v1\/wp-json\/wp\/v2\/media?parent=24647"}],"wp:term":[{"taxonomy":"category","embeddable":true,"href":"https:\/\/www.r2cpress.com.br\/v1\/wp-json\/wp\/v2\/categories?post=24647"},{"taxonomy":"post_tag","embeddable":true,"href":"https:\/\/www.r2cpress.com.br\/v1\/wp-json\/wp\/v2\/tags?post=24647"}],"curies":[{"name":"wp","href":"https:\/\/api.w.org\/{rel}","templated":true}]}}