{"id":24651,"date":"2011-09-20T21:39:38","date_gmt":"2011-09-21T00:39:38","guid":{"rendered":"http:\/\/www.r2cpress.com.br\/v1\/?p=24651"},"modified":"2011-09-20T21:39:38","modified_gmt":"2011-09-21T00:39:38","slug":"a-praca-sao-joao-e-nossa","status":"publish","type":"post","link":"https:\/\/www.r2cpress.com.br\/v1\/2011\/09\/20\/a-praca-sao-joao-e-nossa\/","title":{"rendered":"A Pra\u00e7a S\u00e3o Jo\u00e3o \u00e9 nossa!"},"content":{"rendered":"<p>Domingo, dia 25, pela manh\u00e3, a partir das 9:00h a Pra\u00e7a S\u00e3o Jo\u00e3o Batista, no Pontal, estar\u00e1 diferente. O rec\u00e9m criado Movimento Pontalense de Cidadania organizou um evento para atrair a popula\u00e7\u00e3o, chamar a aten\u00e7\u00e3o para aquela pra\u00e7a e iniciar um debate para definir como ela deveria ser.<\/p>\n<p>Al\u00e9m de grande distribui\u00e7\u00e3o de brindes, haver\u00e1 atra\u00e7\u00f5es e atividades para crian\u00e7as e adultos. Recrea\u00e7\u00e3o com bonecos gigantes, desenho e gincana devem animar a crian\u00e7ada. A Faculdade de Ilh\u00e9us estar\u00e1 presente com balc\u00f5es de assessoria jur\u00eddica, enfermagem, nutri\u00e7\u00e3o, prestando servi\u00e7os gratuitos \u00e0 popula\u00e7\u00e3o, inclusive com aferi\u00e7\u00e3o de press\u00e3o arterial e glicemia. Haver\u00e1 uma aula aberta de gin\u00e1stica com professores da Tonus e uma feira aberta de cacarecos, uma oportunidade para vender ou comprar objetos que ainda podem ser \u00fateis.<\/p>\n<p>-\u201cO importante \u00e9 trazer a popula\u00e7\u00e3o para a pra\u00e7a! Vamos dar brindes, teremos muitos outros atrativos e queremos conhecer qual \u00e9 o pensamento da comunidade sobre a pra\u00e7a. Precisamos mostrar que gostamos do nosso bairro e queremos uma pra\u00e7a que sirva \u00e0 popula\u00e7\u00e3o\u201d, disse Fred Abobreira, empres\u00e1rio e um dos idealizadores do movimento e do evento.<\/p>\n<p>V\u00e1rias empresas est\u00e3o apoiando: Tonus, Faculdade de Ilh\u00e9us, Fredesko, Churrascaria Recanto Ga\u00facho, Sorveteria Banana Split, COOFASULBA, Ced\u00ea Tintas e muitas outras est\u00e3o aderindo. <\/p>\n<p>A comunidade do Pontal precisa aproveitar esta rara oportunidade! Um exemplo a ser seguido.<\/p>\n","protected":false},"excerpt":{"rendered":"<p>Domingo, dia 25, pela manh\u00e3, a partir das 9:00h a Pra\u00e7a S\u00e3o Jo\u00e3o Batista, no Pontal, estar\u00e1 diferente. O rec\u00e9m criado Movimento Pontalense de Cidadania organizou um evento para atrair a popula\u00e7\u00e3o, chamar a aten\u00e7\u00e3o para aquela pra\u00e7a e iniciar um debate para definir como ela deveria ser. Al\u00e9m de grande distribui\u00e7\u00e3o de brindes, haver\u00e1 [&hellip;]<\/p>\n","protected":false},"author":2,"featured_media":0,"comment_status":"open","ping_status":"open","sticky":false,"template":"","format":"standard","meta":{"_links_to":"","_links_to_target":""},"categories":[10],"tags":[],"_links":{"self":[{"href":"https:\/\/www.r2cpress.com.br\/v1\/wp-json\/wp\/v2\/posts\/24651"}],"collection":[{"href":"https:\/\/www.r2cpress.com.br\/v1\/wp-json\/wp\/v2\/posts"}],"about":[{"href":"https:\/\/www.r2cpress.com.br\/v1\/wp-json\/wp\/v2\/types\/post"}],"author":[{"embeddable":true,"href":"https:\/\/www.r2cpress.com.br\/v1\/wp-json\/wp\/v2\/users\/2"}],"replies":[{"embeddable":true,"href":"https:\/\/www.r2cpress.com.br\/v1\/wp-json\/wp\/v2\/comments?post=24651"}],"version-history":[{"count":2,"href":"https:\/\/www.r2cpress.com.br\/v1\/wp-json\/wp\/v2\/posts\/24651\/revisions"}],"predecessor-version":[{"id":24653,"href":"https:\/\/www.r2cpress.com.br\/v1\/wp-json\/wp\/v2\/posts\/24651\/revisions\/24653"}],"wp:attachment":[{"href":"https:\/\/www.r2cpress.com.br\/v1\/wp-json\/wp\/v2\/media?parent=24651"}],"wp:term":[{"taxonomy":"category","embeddable":true,"href":"https:\/\/www.r2cpress.com.br\/v1\/wp-json\/wp\/v2\/categories?post=24651"},{"taxonomy":"post_tag","embeddable":true,"href":"https:\/\/www.r2cpress.com.br\/v1\/wp-json\/wp\/v2\/tags?post=24651"}],"curies":[{"name":"wp","href":"https:\/\/api.w.org\/{rel}","templated":true}]}}