{"id":24654,"date":"2011-09-20T21:41:16","date_gmt":"2011-09-21T00:41:16","guid":{"rendered":"http:\/\/www.r2cpress.com.br\/v1\/?p=24654"},"modified":"2011-09-20T21:41:16","modified_gmt":"2011-09-21T00:41:16","slug":"porto-de-ilheus","status":"publish","type":"post","link":"https:\/\/www.r2cpress.com.br\/v1\/2011\/09\/20\/porto-de-ilheus\/","title":{"rendered":"PORTO DE ILHEUS"},"content":{"rendered":"<p>De: regina <mima .moreira@hotmail.com><br \/>\nAssunto: PORTO DE ILHEUS<\/p>\n<p>Corpo da mensagem:<br \/>\nRABAT BOA NOITE.<br \/>\nAcabo de receber uma informa\u00e7\u00e3o que me deixa muito preocupada, e triste. O nosso porto do malhado, este ano n\u00e3o ir\u00e1 receber os navios de passageiros no final de ano,como de costume.Motivo este, por que o Porto dever\u00e1 ser dragado, e esta bendita draga ainda n\u00e3o foi providenciada chegar at\u00e9 o local.<br \/>\nQue absurdo hem? Ser\u00e1 que a nossa querida Ilheus, est\u00e1 mesmo se acabando?<br \/>\nVamos nos mobilizar: Autoridades, Sindicatos, os  cacauicultores que ainda existem,comerciarios,povo em geral, para que isto n\u00e3o aconte\u00e7a.<br \/>\nN\u00e3o podemos deixar ILHEUS, morrer na praia.Ser\u00e1 que os politicos ilheenses, est\u00e3o usando esta situa\u00e7\u00e3o deixando que aconte\u00e7a,para que no pr\u00f3ximo ano que \u00e9 eleitoral se resolva? Usando como marqueting, para ganhar a elei\u00e7\u00e3o de 2012,e a PREFEITURA? S\u00f3 faltava essa!!!<br \/>\nMais n\u00f3s temos um forte S\u00e3o Jorge Guerreiro , que protege esta terra. E se alguem est\u00e1 a pensar nisso, pode ter certeza, que estar\u00e1 perdido.<br \/>\nO povo de Ilheus n\u00e3o \u00e9 besta n\u00e3o viu Politicos!!!!!<\/p>\n<p>&#8212;<br \/>\nEsta mensagem foi enviada atrav\u00e9s do formul\u00e1rio de contato do site R2CPRESS | A Letra Fria da Verdade http:\/\/www.r2cpress.com.br\/v1<\/mima><\/p>\n","protected":false},"excerpt":{"rendered":"<p>De: regina Assunto: PORTO DE ILHEUS Corpo da mensagem: RABAT BOA NOITE. Acabo de receber uma informa\u00e7\u00e3o que me deixa muito preocupada, e triste. O nosso porto do malhado, este ano n\u00e3o ir\u00e1 receber os navios de passageiros no final de ano,como de costume.Motivo este, por que o Porto dever\u00e1 ser dragado, e esta bendita [&hellip;]<\/p>\n","protected":false},"author":2,"featured_media":0,"comment_status":"open","ping_status":"open","sticky":false,"template":"","format":"standard","meta":{"_links_to":"","_links_to_target":""},"categories":[10],"tags":[],"_links":{"self":[{"href":"https:\/\/www.r2cpress.com.br\/v1\/wp-json\/wp\/v2\/posts\/24654"}],"collection":[{"href":"https:\/\/www.r2cpress.com.br\/v1\/wp-json\/wp\/v2\/posts"}],"about":[{"href":"https:\/\/www.r2cpress.com.br\/v1\/wp-json\/wp\/v2\/types\/post"}],"author":[{"embeddable":true,"href":"https:\/\/www.r2cpress.com.br\/v1\/wp-json\/wp\/v2\/users\/2"}],"replies":[{"embeddable":true,"href":"https:\/\/www.r2cpress.com.br\/v1\/wp-json\/wp\/v2\/comments?post=24654"}],"version-history":[{"count":2,"href":"https:\/\/www.r2cpress.com.br\/v1\/wp-json\/wp\/v2\/posts\/24654\/revisions"}],"predecessor-version":[{"id":24656,"href":"https:\/\/www.r2cpress.com.br\/v1\/wp-json\/wp\/v2\/posts\/24654\/revisions\/24656"}],"wp:attachment":[{"href":"https:\/\/www.r2cpress.com.br\/v1\/wp-json\/wp\/v2\/media?parent=24654"}],"wp:term":[{"taxonomy":"category","embeddable":true,"href":"https:\/\/www.r2cpress.com.br\/v1\/wp-json\/wp\/v2\/categories?post=24654"},{"taxonomy":"post_tag","embeddable":true,"href":"https:\/\/www.r2cpress.com.br\/v1\/wp-json\/wp\/v2\/tags?post=24654"}],"curies":[{"name":"wp","href":"https:\/\/api.w.org\/{rel}","templated":true}]}}