{"id":24675,"date":"2011-09-21T21:55:20","date_gmt":"2011-09-22T00:55:20","guid":{"rendered":"http:\/\/www.r2cpress.com.br\/v1\/?p=24675"},"modified":"2011-09-21T21:55:20","modified_gmt":"2011-09-22T00:55:20","slug":"prisao-de-assaltantes-no-centro-de-ilheus","status":"publish","type":"post","link":"https:\/\/www.r2cpress.com.br\/v1\/2011\/09\/21\/prisao-de-assaltantes-no-centro-de-ilheus\/","title":{"rendered":"PRIS\u00c3O DE ASSALTANTES NO CENTRO DE ILH\u00c9US"},"content":{"rendered":"<p><center><div id=\"attachment_24676\" style=\"width: 460px\" class=\"wp-caption aligncenter\"><a href=\"http:\/\/www.r2cpress.com.br\/v1\/wp-content\/uploads\/Emerson-e-Cleiton.jpg\"><img aria-describedby=\"caption-attachment-24676\" loading=\"lazy\" src=\"http:\/\/www.r2cpress.com.br\/v1\/wp-content\/uploads\/Emerson-e-Cleiton.jpg\" alt=\"\" title=\"Emerson  e  Cleiton\" width=\"450\" height=\"338\" class=\"size-full wp-image-24676\" srcset=\"https:\/\/www.r2cpress.com.br\/v1\/wp-content\/uploads\/Emerson-e-Cleiton.jpg 450w, https:\/\/www.r2cpress.com.br\/v1\/wp-content\/uploads\/Emerson-e-Cleiton-300x225.jpg 300w\" sizes=\"(max-width: 450px) 100vw, 450px\" \/><\/a><p id=\"caption-attachment-24676\" class=\"wp-caption-text\">Emerson  e  Cleiton<\/p><\/div><\/center><\/p>\n<p>Na data de 21 de Setembro, por volta das 15h30min, policiais do Pelot\u00e3o de Motociclistas do PETO 68\u00aa CIPM foram informados por populares que havia um assalto em andamento na Loja Tele shop OI, localizada na Rua Eust\u00e1quio Bastos \u2013 Centro, assim os policiais deslocaram at\u00e9 o local e efetuaram a pris\u00e3o de Emerson Francisco dos Santos, residente na Av. Pedro Jorge no bairro S\u00e3o Pedro \u2013 Itabuna; Cleiton Nunes de Almeida, residente na Tv. Ec\u00edlia Teixeira, 30 no bairro Concei\u00e7\u00e3o \u2013 Itabuna e uma menor de iniciais G.F.F. Com os criminosos foram encontrados 3 aparelhos celulares, uma corrente de prata, um rel\u00f3gio de pulso e a quantia de R$ 4,50. Com Cleiton foi encontrado um revolver cal. 32 com 03 cartuchos. Os acusados foram conduzidos e apresentados na DP para ado\u00e7\u00e3o das medidas legais. <\/p>\n","protected":false},"excerpt":{"rendered":"<p>Na data de 21 de Setembro, por volta das 15h30min, policiais do Pelot\u00e3o de Motociclistas do PETO 68\u00aa CIPM foram informados por populares que havia um assalto em andamento na Loja Tele shop OI, localizada na Rua Eust\u00e1quio Bastos \u2013 Centro, assim os policiais deslocaram at\u00e9 o local e efetuaram a pris\u00e3o de Emerson Francisco [&hellip;]<\/p>\n","protected":false},"author":2,"featured_media":0,"comment_status":"open","ping_status":"open","sticky":false,"template":"","format":"standard","meta":{"_links_to":"","_links_to_target":""},"categories":[25],"tags":[],"_links":{"self":[{"href":"https:\/\/www.r2cpress.com.br\/v1\/wp-json\/wp\/v2\/posts\/24675"}],"collection":[{"href":"https:\/\/www.r2cpress.com.br\/v1\/wp-json\/wp\/v2\/posts"}],"about":[{"href":"https:\/\/www.r2cpress.com.br\/v1\/wp-json\/wp\/v2\/types\/post"}],"author":[{"embeddable":true,"href":"https:\/\/www.r2cpress.com.br\/v1\/wp-json\/wp\/v2\/users\/2"}],"replies":[{"embeddable":true,"href":"https:\/\/www.r2cpress.com.br\/v1\/wp-json\/wp\/v2\/comments?post=24675"}],"version-history":[{"count":2,"href":"https:\/\/www.r2cpress.com.br\/v1\/wp-json\/wp\/v2\/posts\/24675\/revisions"}],"predecessor-version":[{"id":24678,"href":"https:\/\/www.r2cpress.com.br\/v1\/wp-json\/wp\/v2\/posts\/24675\/revisions\/24678"}],"wp:attachment":[{"href":"https:\/\/www.r2cpress.com.br\/v1\/wp-json\/wp\/v2\/media?parent=24675"}],"wp:term":[{"taxonomy":"category","embeddable":true,"href":"https:\/\/www.r2cpress.com.br\/v1\/wp-json\/wp\/v2\/categories?post=24675"},{"taxonomy":"post_tag","embeddable":true,"href":"https:\/\/www.r2cpress.com.br\/v1\/wp-json\/wp\/v2\/tags?post=24675"}],"curies":[{"name":"wp","href":"https:\/\/api.w.org\/{rel}","templated":true}]}}