{"id":24683,"date":"2011-09-21T22:06:18","date_gmt":"2011-09-22T01:06:18","guid":{"rendered":"http:\/\/www.r2cpress.com.br\/v1\/?p=24683"},"modified":"2011-09-21T22:06:18","modified_gmt":"2011-09-22T01:06:18","slug":"cdl-de-ilheus-anima-a-chegada-da-primavera-com-flores-e-fanfarra","status":"publish","type":"post","link":"https:\/\/www.r2cpress.com.br\/v1\/2011\/09\/21\/cdl-de-ilheus-anima-a-chegada-da-primavera-com-flores-e-fanfarra\/","title":{"rendered":"CDL de Ilh\u00e9us anima a chegada da Primavera com flores e fanfarra"},"content":{"rendered":"<p><a href=\"http:\/\/www.r2cpress.com.br\/v1\/wp-content\/uploads\/mont-cdl-primavera-2011.jpg\"><img loading=\"lazy\" class=\"alignleft size-full wp-image-24684\" title=\"mont cdl primavera 2011\" src=\"http:\/\/www.r2cpress.com.br\/v1\/wp-content\/uploads\/mont-cdl-primavera-2011.jpg\" alt=\"\" width=\"248\" height=\"517\" srcset=\"https:\/\/www.r2cpress.com.br\/v1\/wp-content\/uploads\/mont-cdl-primavera-2011.jpg 300w, https:\/\/www.r2cpress.com.br\/v1\/wp-content\/uploads\/mont-cdl-primavera-2011-144x300.jpg 144w\" sizes=\"(max-width: 248px) 100vw, 248px\" \/><\/a>A C\u00e2mara dos Dirigentes Lojistas de Ilh\u00e9us est\u00e1 preparando uma programa\u00e7\u00e3o bem animada para marcar a chegada da &#8220;esta\u00e7\u00e3o da flores&#8221;, \u00e9 a Primavera que come\u00e7a nesta quinta-feira (22\/09). &#8220;Queremos deixar o nosso com\u00e9rcio no clima gostoso e alegre caracter\u00edstico da Primavera.<\/p>\n<p>Faremos uma linda decora\u00e7\u00e3o com flores tropicais, t\u00edpicas de nossa regi\u00e3o, em pontos estrat\u00e9gicos do centro comercial, deixando-os mais bonitos, perfumados e agrad\u00e1veis para a comunidade ilheense e visitantes&#8221; disse Nadja Argollo, presidente da CDL de Ilh\u00e9us.<\/p>\n<p>Ainda segundo a presidente, a escadaria do Pal\u00e1cio Paranagu\u00e1, onde funciona a prefeitura municipal, ser\u00e1 toda ornamentada com flores \u201ceste \u00e9 apenas um dos pontos estrat\u00e9gicos que v\u00e3o ganhar flores. Por onde muitas pessoas circulam vamos estar ornamentando, com a parceria que fizemos com floristas e floriculturas da cidade\u201d disse Nadja.<\/p>\n<p>A fanfarra do Instituto Municipal Eus\u00ednio Lavigne \u2013 IME &#8211; estar\u00e1 se apresentando pelas principais ruas e pra\u00e7as do centro \u201c a primavera \u00e9 alegria, mudan\u00e7a de ciclo, tempo de renova\u00e7\u00e3o. A CDL quer movimentar o com\u00e9rcio e n\u00e3o h\u00e1 mistura mais perfeita do que a bela das flores e a harmonia da m\u00fasica desta fanfarra que sempre representou t\u00e3o bem nossa cidade pelo Brasil a fora\u201d ressaltou Nadja informando que a apresenta\u00e7\u00e3o da fanfarra come\u00e7a as 10 horas da manh\u00e3, com nova apresenta\u00e7\u00e3o marcada para s\u00e1bado (24\/09).<\/p>\n<p>Ainda durante este m\u00eas, a CDL estar\u00e1 organizando uma Feira de Flores, com floristas da cidade, na Pra\u00e7a J.J Seabra.<\/p>\n","protected":false},"excerpt":{"rendered":"<p>A C\u00e2mara dos Dirigentes Lojistas de Ilh\u00e9us est\u00e1 preparando uma programa\u00e7\u00e3o bem animada para marcar a chegada da &#8220;esta\u00e7\u00e3o da flores&#8221;, \u00e9 a Primavera que come\u00e7a nesta quinta-feira (22\/09). &#8220;Queremos deixar o nosso com\u00e9rcio no clima gostoso e alegre caracter\u00edstico da Primavera. Faremos uma linda decora\u00e7\u00e3o com flores tropicais, t\u00edpicas de nossa regi\u00e3o, em pontos [&hellip;]<\/p>\n","protected":false},"author":2,"featured_media":0,"comment_status":"open","ping_status":"open","sticky":false,"template":"","format":"standard","meta":{"_links_to":"","_links_to_target":""},"categories":[19],"tags":[],"_links":{"self":[{"href":"https:\/\/www.r2cpress.com.br\/v1\/wp-json\/wp\/v2\/posts\/24683"}],"collection":[{"href":"https:\/\/www.r2cpress.com.br\/v1\/wp-json\/wp\/v2\/posts"}],"about":[{"href":"https:\/\/www.r2cpress.com.br\/v1\/wp-json\/wp\/v2\/types\/post"}],"author":[{"embeddable":true,"href":"https:\/\/www.r2cpress.com.br\/v1\/wp-json\/wp\/v2\/users\/2"}],"replies":[{"embeddable":true,"href":"https:\/\/www.r2cpress.com.br\/v1\/wp-json\/wp\/v2\/comments?post=24683"}],"version-history":[{"count":5,"href":"https:\/\/www.r2cpress.com.br\/v1\/wp-json\/wp\/v2\/posts\/24683\/revisions"}],"predecessor-version":[{"id":24689,"href":"https:\/\/www.r2cpress.com.br\/v1\/wp-json\/wp\/v2\/posts\/24683\/revisions\/24689"}],"wp:attachment":[{"href":"https:\/\/www.r2cpress.com.br\/v1\/wp-json\/wp\/v2\/media?parent=24683"}],"wp:term":[{"taxonomy":"category","embeddable":true,"href":"https:\/\/www.r2cpress.com.br\/v1\/wp-json\/wp\/v2\/categories?post=24683"},{"taxonomy":"post_tag","embeddable":true,"href":"https:\/\/www.r2cpress.com.br\/v1\/wp-json\/wp\/v2\/tags?post=24683"}],"curies":[{"name":"wp","href":"https:\/\/api.w.org\/{rel}","templated":true}]}}