{"id":24690,"date":"2011-09-21T22:09:14","date_gmt":"2011-09-22T01:09:14","guid":{"rendered":"http:\/\/www.r2cpress.com.br\/v1\/?p=24690"},"modified":"2011-09-21T22:09:14","modified_gmt":"2011-09-22T01:09:14","slug":"a-nau-sem-rumo","status":"publish","type":"post","link":"https:\/\/www.r2cpress.com.br\/v1\/2011\/09\/21\/a-nau-sem-rumo\/","title":{"rendered":"A NAU SEM RUMO"},"content":{"rendered":"<p><img loading=\"lazy\" alt=\"\" src=\"http:\/\/www.r2cpress.com.br\/v1\/wp-content\/uploads\/Z%C3%89-CARLOS-VASCO-3x4.jpg\" class=\"alignleft\" width=\"122\" height=\"152\" \/>No in\u00edcio foi uma capitania, \u00e9 o que aprendemos na escola. E mesmo naquele tempo um mandat\u00e1rio foi nomeado, desistiu e passou a bola pra outro, que resolveu enfrentar os setes mares e aqui aportar.<br \/>\nOs tempos passaram e a nau continua desgovernada, mas com uma diferen\u00e7a, um mandat\u00e1rio foi nomeado, assumiu, est\u00e1 meio atordoado com as ondas do mar e o outro est\u00e1 doidinho pra tomar o lugar.<br \/>\nOs tempos passaram e continuamos a assistir a cenas da nau dos insensatos, com o mar bravio, alguns enjoando muito e outros querendo que a mesma fique \u00e0 deriva at\u00e9 a pr\u00f3xima nomea\u00e7\u00e3o de um novo mandat\u00e1rio.<br \/>\nNa verdade quem \u00e9 do mar n\u00e3o enjoa, aproveita o momento e se delicia das tormentas e dos prazeres da viagem.<br \/>\nOs marinheiros que formam a tripula\u00e7\u00e3o da nau est\u00e3o em estado de confus\u00e3o, ningu\u00e9m sabe se \u00e9 por causa das ondas ou um prov\u00e1vel afundamento e os sonhos e devaneios venham por \u00e1gua abaixo.<br \/>\nNo meio da tempestade n\u00e3o se fala em outra coisa que n\u00e3o seja uma reforma total da tripula\u00e7\u00e3o, alguns marinheiros jurando fidelidade ao comandante at\u00e9 o fim da viagem, outros apostando numa mudan\u00e7a radical para amenizar um pouco o rumo da nau e outros fincando os p\u00e9s no tombadilho querendo de todas as maneiras ficar a bordo.<br \/>\nO comandante, o seu imediato e os marinheiros sequer est\u00e3o imaginando como se encontra a capitania que eles assumiram.<br \/>\nTudo fora do lugar, um mangue total, ningu\u00e9m \u00e9 de ningu\u00e9m, den\u00fancias e mais den\u00fancias, mas ningu\u00e9m em s\u00e3 consci\u00eancia arreda o p\u00e9, querem que a nau tenha um fim melanc\u00f3lico, sem rumo, abandonada e sem comando.<br \/>\nBonito papel para o mandat\u00e1rio que foi nomeado, era a esperan\u00e7a dos nativos e adotivos, s\u00f3 que n\u00e3o tinha experi\u00eancia para enfrentar um mar revolto.<br \/>\nE est\u00e1 escrito e definido a triste hist\u00f3ria de uma capitania heredit\u00e1ria, que est\u00e1 com a sua heran\u00e7a sendo disputada, destru\u00edda, corro\u00edda pela falta de compromisso, seriedade, responsabilidade e \u00e9tica.<br \/>\nS\u00e3o os desbravadores dos setes mares.<br \/>\n<b>Z\u00c9CARLOS JUNIOR<\/b><\/p>\n","protected":false},"excerpt":{"rendered":"<p>No in\u00edcio foi uma capitania, \u00e9 o que aprendemos na escola. E mesmo naquele tempo um mandat\u00e1rio foi nomeado, desistiu e passou a bola pra outro, que resolveu enfrentar os setes mares e aqui aportar. Os tempos passaram e a nau continua desgovernada, mas com uma diferen\u00e7a, um mandat\u00e1rio foi nomeado, assumiu, est\u00e1 meio atordoado [&hellip;]<\/p>\n","protected":false},"author":2,"featured_media":0,"comment_status":"open","ping_status":"open","sticky":false,"template":"","format":"standard","meta":{"_links_to":"","_links_to_target":""},"categories":[10],"tags":[],"_links":{"self":[{"href":"https:\/\/www.r2cpress.com.br\/v1\/wp-json\/wp\/v2\/posts\/24690"}],"collection":[{"href":"https:\/\/www.r2cpress.com.br\/v1\/wp-json\/wp\/v2\/posts"}],"about":[{"href":"https:\/\/www.r2cpress.com.br\/v1\/wp-json\/wp\/v2\/types\/post"}],"author":[{"embeddable":true,"href":"https:\/\/www.r2cpress.com.br\/v1\/wp-json\/wp\/v2\/users\/2"}],"replies":[{"embeddable":true,"href":"https:\/\/www.r2cpress.com.br\/v1\/wp-json\/wp\/v2\/comments?post=24690"}],"version-history":[{"count":2,"href":"https:\/\/www.r2cpress.com.br\/v1\/wp-json\/wp\/v2\/posts\/24690\/revisions"}],"predecessor-version":[{"id":24692,"href":"https:\/\/www.r2cpress.com.br\/v1\/wp-json\/wp\/v2\/posts\/24690\/revisions\/24692"}],"wp:attachment":[{"href":"https:\/\/www.r2cpress.com.br\/v1\/wp-json\/wp\/v2\/media?parent=24690"}],"wp:term":[{"taxonomy":"category","embeddable":true,"href":"https:\/\/www.r2cpress.com.br\/v1\/wp-json\/wp\/v2\/categories?post=24690"},{"taxonomy":"post_tag","embeddable":true,"href":"https:\/\/www.r2cpress.com.br\/v1\/wp-json\/wp\/v2\/tags?post=24690"}],"curies":[{"name":"wp","href":"https:\/\/api.w.org\/{rel}","templated":true}]}}