{"id":24693,"date":"2011-09-21T22:11:10","date_gmt":"2011-09-22T01:11:10","guid":{"rendered":"http:\/\/www.r2cpress.com.br\/v1\/?p=24693"},"modified":"2011-09-21T22:11:10","modified_gmt":"2011-09-22T01:11:10","slug":"nota-publica-cancelamento-4-edicao-corrida-costa-do-cacau","status":"publish","type":"post","link":"https:\/\/www.r2cpress.com.br\/v1\/2011\/09\/21\/nota-publica-cancelamento-4-edicao-corrida-costa-do-cacau\/","title":{"rendered":"Nota Publica Cancelamento 4 edi\u00e7\u00e3o corrida costa do cacau"},"content":{"rendered":"<p>NOTA P\u00daBLICA<\/p>\n<p>A organiza\u00e7\u00e3o da Corrida Tem\u00e1tica Costa do Cacau comunica atrav\u00e9s de Nota P\u00fablica o cancelamento da 4\u00aa Edi\u00e7\u00e3o que seria realizada no segundo domingo do m\u00eas de dezembro em 11\/12 de 2011, em virtude do patrocinador m\u00e1ster n\u00e3o ajustar os recursos financeiros suficientes para a continuidade do evento com sucesso dos anteriores, com boa premia\u00e7\u00e3o e garantia de qualidade.<\/p>\n<p>Aproveitamos para informar que a organiza\u00e7\u00e3o est\u00e1 transferindo a 4\u00aa Edi\u00e7\u00e3o da Corrida Costa do Cacau para o ano de 2012 inserida nas comemora\u00e7\u00f5es do Centen\u00e1rio de Jorge Amado, com mais novidades, premia\u00e7\u00e3o atrativa para atletas de ponta, mantendo a data original do 2\u00ba Domingo do m\u00eas de Dezembro e com mais de um patrocinador m\u00e1ster, o que n\u00e3o foi poss\u00edvel para este ano de 2011.<\/p>\n<p>A organiza\u00e7\u00e3o da Corrida Costa do Cacau, agradece a todos os ve\u00edculos de comunica\u00e7\u00e3o, parceiros, sociedade civil organizada, \u00f3rg\u00e3os p\u00fablicos, prestadores de servi\u00e7os, e a todos os participantes atletas profissionais, amadores e simpatizantes da modalidade de atletismo categoria Corrida de Rua.<\/p>\n<p>Temos consci\u00eancia do carinho, respeito, credibilidade, da quebra de paradigmas, do incentivo e motiva\u00e7\u00e3o do h\u00e1bito do exerc\u00edcio f\u00edsico para a sa\u00fade, que a sociedade demonstrou para com o evento, portanto, pedimos a compreens\u00e3o de todos objetivando um excelente evento esportivo para dezembro de 2012.<\/p>\n<p>Maiores esclarecimentos atrav\u00e9s do e-mail corrida@costadocacau.com.br  .<\/p>\n<p>Atenciosamente;<\/p>\n<p>COSTA DO CACAU COMUNICA\u00c7AO E ASSESSORIA LTDA.<\/p>\n","protected":false},"excerpt":{"rendered":"<p>NOTA P\u00daBLICA A organiza\u00e7\u00e3o da Corrida Tem\u00e1tica Costa do Cacau comunica atrav\u00e9s de Nota P\u00fablica o cancelamento da 4\u00aa Edi\u00e7\u00e3o que seria realizada no segundo domingo do m\u00eas de dezembro em 11\/12 de 2011, em virtude do patrocinador m\u00e1ster n\u00e3o ajustar os recursos financeiros suficientes para a continuidade do evento com sucesso dos anteriores, com [&hellip;]<\/p>\n","protected":false},"author":2,"featured_media":0,"comment_status":"open","ping_status":"open","sticky":false,"template":"","format":"standard","meta":{"_links_to":"","_links_to_target":""},"categories":[11],"tags":[],"_links":{"self":[{"href":"https:\/\/www.r2cpress.com.br\/v1\/wp-json\/wp\/v2\/posts\/24693"}],"collection":[{"href":"https:\/\/www.r2cpress.com.br\/v1\/wp-json\/wp\/v2\/posts"}],"about":[{"href":"https:\/\/www.r2cpress.com.br\/v1\/wp-json\/wp\/v2\/types\/post"}],"author":[{"embeddable":true,"href":"https:\/\/www.r2cpress.com.br\/v1\/wp-json\/wp\/v2\/users\/2"}],"replies":[{"embeddable":true,"href":"https:\/\/www.r2cpress.com.br\/v1\/wp-json\/wp\/v2\/comments?post=24693"}],"version-history":[{"count":2,"href":"https:\/\/www.r2cpress.com.br\/v1\/wp-json\/wp\/v2\/posts\/24693\/revisions"}],"predecessor-version":[{"id":24695,"href":"https:\/\/www.r2cpress.com.br\/v1\/wp-json\/wp\/v2\/posts\/24693\/revisions\/24695"}],"wp:attachment":[{"href":"https:\/\/www.r2cpress.com.br\/v1\/wp-json\/wp\/v2\/media?parent=24693"}],"wp:term":[{"taxonomy":"category","embeddable":true,"href":"https:\/\/www.r2cpress.com.br\/v1\/wp-json\/wp\/v2\/categories?post=24693"},{"taxonomy":"post_tag","embeddable":true,"href":"https:\/\/www.r2cpress.com.br\/v1\/wp-json\/wp\/v2\/tags?post=24693"}],"curies":[{"name":"wp","href":"https:\/\/api.w.org\/{rel}","templated":true}]}}