{"id":24698,"date":"2011-09-21T22:45:16","date_gmt":"2011-09-22T01:45:16","guid":{"rendered":"http:\/\/www.r2cpress.com.br\/v1\/?p=24698"},"modified":"2011-09-21T22:45:16","modified_gmt":"2011-09-22T01:45:16","slug":"alfredo-amorim-da-silveira-em-10taques-24","status":"publish","type":"post","link":"https:\/\/www.r2cpress.com.br\/v1\/2011\/09\/21\/alfredo-amorim-da-silveira-em-10taques-24\/","title":{"rendered":"Alfredo Amorim da Silveira em: &#8220;10TAQUES&#8221;."},"content":{"rendered":"<div id=\"attachment_24699\" style=\"width: 310px\" class=\"wp-caption aligncenter\"><a href=\"http:\/\/www.r2cpress.com.br\/v1\/wp-content\/uploads\/pedro-matos.jpg\"><img aria-describedby=\"caption-attachment-24699\" loading=\"lazy\" class=\"size-full wp-image-24699\" title=\"pedro matos\" src=\"http:\/\/www.r2cpress.com.br\/v1\/wp-content\/uploads\/pedro-matos.jpg\" alt=\"\" width=\"300\" height=\"420\" srcset=\"https:\/\/www.r2cpress.com.br\/v1\/wp-content\/uploads\/pedro-matos.jpg 300w, https:\/\/www.r2cpress.com.br\/v1\/wp-content\/uploads\/pedro-matos-214x300.jpg 214w\" sizes=\"(max-width: 300px) 100vw, 300px\" \/><\/a><p id=\"caption-attachment-24699\" class=\"wp-caption-text\">Pedro Matos<\/p><\/div>\n<p>&nbsp;<\/p>\n<p><img loading=\"lazy\" class=\"alignleft\" src=\"http:\/\/www.r2cpress.com.br\/v1\/wp-content\/uploads\/alfredo-amorim-nova.jpg\" alt=\"\" width=\"300\" height=\"105\" \/>No n\u00e3o t\u00e3o long\u00ednquo ano de 1944, exatamente no dia 18 de setembro, nascia, na Rua Carneiro da Rocha 55, aqui em S\u00e3o Jorge dos Ilh\u00e9us, Pedro Augusto Vital Mattos, ou seja, no mundo art\u00edstico Pedro Mattos, e para seus amigos Pedrinho, que era o terceiro filho do casal Carlos Frederico Monteiro de Mattos e Aurora Vital Mattos, sendo seus irm\u00e3os mais velhos, \u00a0Luciano Carlos e L\u00facia Maria.\u00a0\u00a0\u00a0\u00a0\u00a0\u00a0\u00a0\u00a0\u00a0\u00a0\u00a0\u00a0\u00a0 \u00a0\u00a0\u00a0\u00a0\u00a0\u00a0\u00a0\u00a0\u00a0\u00a0\u00a0\u00a0\u00a0\u00a0\u00a0 Estudou no Instituto Municipal de Educa\u00e7\u00e3o, IME, onde concluiu o curso ginasial, fez o cient\u00edfico no Col\u00e9gio Manuel Devoto em Salvador e o cl\u00e1ssico no Severino Vieira. Frequentava como ouvinte as aulas de teatro na Escola de Teatro, no bairro do Canela. Estimulado pelo teatr\u00f3logo Alberto D\u2019Aversa foi estudar teatro em S\u00e3o Paulo, onde fez o Curso Livre de Teatro na Faculdade de Comunica\u00e7\u00e3o Social Anhembi, em 1973, onde fundou o Grupo de Teatro Anhag\u00e1 e dava aulas de arte dram\u00e1tica. No mesmo ano fez o Curso de Criatividade promovido pela ECA\/USP. Em 1974 o curso de Publicidade e Teatro na Escola Superior de Propaganda e Marketing, e Teatro do Oprimido na Faculdade \u00c1lvares Penteado. Em 1976 Curso de Din\u00e2mica Infanto-Juvenil, promovido pelo Instituto de Educa\u00e7\u00e3o Integral, e curso de M\u00edmica com Ricardo Bandeira em 1977, em 1978 \u201cDin\u00e2mico do Ser\u201d pelo Instituto de Educa\u00e7\u00e3o Integral e USP. Todos estes quando morava em S\u00e3o Paulo, onde al\u00e9m de teatro, fazia tamb\u00e9m cinema e televis\u00e3o.<\/p>\n<p>Voltando a morar em Ilh\u00e9us fez o \u201cProjeto Chap\u00e9u de Palha\u201d ministrado pela atriz Jurema Penna; curso de \u201cDire\u00e7\u00e3o Teatral\u201d, com Ant\u00f4nia Adorno e o \u201cCurso de Comunica\u00e7\u00e3o e Arte\u201d, na Universidade Estadual de Santa Cruz (UESC). Tamb\u00e9m fez o curso de \u201cRela\u00e7\u00f5es Humanas\u201d, na Universidade Federal do Rio Grande do Sul em 1972.<\/p>\n<p>Na Escola de M\u00fasica e Artes C\u00eanicas de Belo Horizonte fez o curso, \u201cO Canto no Teatro\u201d, em 1980.<\/p>\n<p><!--more--><\/p>\n<p>Durante dois anos, 1974 \u2013 1976, participou de v\u00e1rias atividades como ator, participou da pe\u00e7a \u201cPalha\u00e7os\u201d de Timochenco Wehbi, produzida pela Temporal Produ\u00e7\u00f5es Art\u00edsticas, com a dire\u00e7\u00e3o de Fausto Fuser, percorrendo todo o Brasil numa campanha promovida pelo SNT \u2013 Servi\u00e7o Nacional de Teatro. Em 1979 \u201cA Cantora Careca\u201d, de Ionesco, com produ\u00e7\u00e3o da Faculdade de Comunica\u00e7\u00e3o Anhembi; \u201cSom Lixo Luxo ou Transa Nossa\u201d, cria\u00e7\u00e3o coletiva apresentada na Sala de Bolso do Teatro Ruth Escobar, em 1970; \u201cBarela\u201d, de Pl\u00ednio Marcos, produ\u00e7\u00e3o da faculdade de Comunica\u00e7\u00e3o Anhembi em 1970; \u201cA Morta\u201d, de Oswald de Andrade, um estudo coordenado por Miriam Muniz, em 1976; \u201cUm pedido de casamento\u201d e \u201cO Urso\u201d, ambos de Anton Tchekhov, com produ\u00e7\u00e3o do grupo Anhang\u00e1; \u201cDaniel, Capanga de Deus\u201d, filme de Jo\u00e3o Batista Reim\u00e3o Neto, com Regina Duarte e Arduino Colassanti, em 1976\/77; \u201cO Bal\u00e3o da Alegria\u201d, infantil, de Fausto Fuser e S\u00e9rgio S\u00e1, em 1978\/79.<\/p>\n<p>Em 1979, por problemas de um c\u00e2ncer na garganta, retornou a Ilh\u00e9us onde desenvolveu muitos trabalhos no teatro amador, como tamb\u00e9m em Salvador, Rio de Janeiro, S\u00e3o Paulo, Belo Horizonte e por ai a fora.<\/p>\n<p>Em Ilh\u00e9us participou de v\u00e1rias atividades: \u201cA Bruxinha Que Era Boa\u201d, de Maria Clara Machado, dire\u00e7\u00e3o de Eliane Sab\u00f3ia, em 1960 e em 2000; \u201cEssa agora, Mister Esso\u201d, no Teatro Popular de Ilh\u00e9us, em 1961\/62; \u201dZ\u00e9 da Silva, homem livre?\u201d, tamb\u00e9m pelo Teatro Popular de Ilh\u00e9us, em 1963\/64; \u201cEnfim S\u00f3s\u201d, com\u00e9dia de Daniel Rocha, dire\u00e7\u00e3o de Antonieta Bispo, apresentada no Clube Cruz Vermelha em Salvador, em 1965; \u201cO Boi e o Burro a Caminho de Bel\u00e9m\u201d, de Maria Clara Machado, com dire\u00e7\u00e3o de \u00c9quio Reis, nas escadarias da Catedral em 2000; \u201cPaix\u00e3o de Cristo\u201d, no papel de Herodes, com dire\u00e7\u00e3o de \u00c9quio Reis, no Est\u00e1dio Municipal de Itabuna, em 1966.<\/p>\n<p>Tamb\u00e9m tomou parte de v\u00e1rios espet\u00e1culos de dan\u00e7a (bal\u00e9s): \u201cCop\u00e9lia\u201d, participou como ator no papel do Dr. Cop\u00e9lio, com dire\u00e7\u00e3o de T\u00e2nia Agra, pela Escola de Bal\u00e9 de Ilh\u00e9us, em 1987; \u201cA Chorus Line\u201d, no papel do \u201cDiretor\u201d, pela Academia Transforma, sob a dire\u00e7\u00e3o de M\u00f4nica Tavares, em 1989; \u201cO Circo\u201d tamb\u00e9m pela Escola de Ballet de Ilh\u00e9us, com dire\u00e7\u00e3o de T\u00e2nia Agra, em 1990; tamb\u00e9m participa\u00e7\u00e3o em \u201cO Quebra Nozes\u201d com dire\u00e7\u00e3o da mesma em 1991; \u201cCidad\u00e3o Jesus\u201d (Via Sacra), no papel de Pilatos, com dire\u00e7\u00e3o de Ramayana Vargens, no Instituto Nossa Senhora da Piedade, em 1995\/96; \u201cCop\u00e9lia\u201d, novamente, no papel de Cop\u00e9lio, mas com dire\u00e7\u00e3o de Luciana Kruschewsky, em 1996.<\/p>\n<p>Em 1992\/93 participou da novela \u201cRenascer\u201d, da Rede Globo, rodada em Ilh\u00e9us.<\/p>\n<p>Foi diretor da \u201cCompanhia Talentos da Terra\u201d, na Casa dos Artistas, onde foi professor do hoje conhecido ator F\u00e1bio Lago. Participou do \u201cProjeto Chap\u00e9u de Palha\u201d criado pela atriz Jurema Penna, promovido pelo DECAR, da Funda\u00e7\u00e3o Cultural do Estado da Bahia, percorrendo v\u00e1rias cidades da regi\u00e3o, Ipia\u00fa, Coarac\u00ed, Teixeira de Freitas, Itacar\u00e9, Itamaraj\u00fa, Prado, Itabuna, Ibicara\u00ed e muitas outras; Professor titular da cadeira \u201dFolclore\u201d no Curso T\u00e9cnico de Turismo e Professor de Teatro para alunos do 2\u00ba grau do Col\u00e9gio Nossa Senhora da Vit\u00f3ria; Coordenador volunt\u00e1rio da Casa dos Artistas de Ilh\u00e9us; diretor art\u00edstico do Grupo de Teatro Vozes de Itabuna, colunista cultural do Jornal \u201cAGORA\u201d, de Itabuna, onde escrevia a coluna \u201cEnsaio Geral\u201d; palestrante em col\u00e9gios, igrejas e coordenador de grupos novos.<\/p>\n<p>N\u00e3o podia guardar tanta cultura e conhecimento s\u00f3 para ele, assim virou professor da cadeira de \u201cCultura Geral\u201d e teatro do Col\u00e9gio S\u00e3o Luiz; professor de Educa\u00e7\u00e3o Art\u00edstica para crian\u00e7as (M\u00e9todo Piaget) no Instituto de Educa\u00e7\u00e3o Integral; em S\u00e3o Paulo; Professor de Teatro \u2013 cadeira de \u201cInterpreta\u00e7\u00e3o e Improvisa\u00e7\u00e3o\u201d na Faculdade Farias Brito em Guarulhos; chefe do Departamento de Atividades C\u00edvicas e Culturais do Munic\u00edpio de Ilh\u00e9us (1980\/87); Presidente da SACI (Sociedade de Arte e Cultura de Ilh\u00e9us), 1980\/86; coordenador do Quadro I do \u00a0\u201cAuto do Descobrimento\u201d de Adonias Filho, com dire\u00e7\u00e3o de \u00c9quio Reis em 1981; coordenador da \u201cCia. Talentos da Terra\u201d, grupo de teatro amador; \u00a0diretor adjunto da \u201cIlh\u00e9us Revista\u201d; Diretor do \u201cCirco Folias da Gabriela\u201d, 1986\/87; Diretor do Teatro Municipal de Ilh\u00e9us, 1986\/87; Coordenador, em Ilh\u00e9us, do \u201cProjeto Pixinguinha\u201d, 1986\/87; Diretor Secret\u00e1rio da Funda\u00e7\u00e3o Cultural de Ilh\u00e9us, 1987\/93; Organizador e professor do Curso de Express\u00e3o Teatral \u2013 A Linguagem do Povo, promovido pelo Grupo de Teatro Vozes, de Itabuna em 1994; Coordenador do \u201c2\u00ba Ciclo\u00a0 de Estudos Hist\u00f3ricos \u2013 Evolu\u00e7\u00e3o da Sociedade Brasileira\u201d, promovido pelo Grupo de Teatro Vozes de Itabuna; Coordenador e professor do curso \u201cEm busca de um Teatro Popular em Itabuna; coordenador do 4\u00ba ao 11\u00ba Concurso Regional de Poesia em Ipia\u00fa e Ilh\u00e9us; Curso b\u00e1sico de teatro no distrito de Sambaituba, Ilh\u00e9us; Curso b\u00e1sico de teatro em Itamaraj\u00fa, promovido pela Divis\u00e3o de Cultura da Secretaria Municipal de Educa\u00e7\u00e3o e Cultura; Curso de teatro (particular) em Itajuipe; \u00a0Coordenador auxiliar do 1\u00ba Festival de Teatro Amador de Itamaraj\u00fa; Coordenador e membro da Comiss\u00e3o Julgadora do Terceiro Concurso de Poesia de Coarac\u00ed; Coordenador da instala\u00e7\u00e3o da Casa da Cultura de Ibirataia; Coordenador do Simp\u00f3sio Regional de Cultura de Ipia\u00fa; Coordenador e Presidente do J\u00fari do 1\u00ba e do 2\u00ba Festival de Teatro Amador de Teixeira de Freitas, 1998\/99; Respons\u00e1vel pelo boletim informativo, INFORMARTE, da Casa de Cultura de Teixeira de Freitas, 1999; T\u00e9cnico do \u201cProjeto Chap\u00e9u de Palha\u201d, promovido pela Diretoria do Departamento de A\u00e7\u00f5es Regionais da Funda\u00e7\u00e3o Cultural do Estado da Bahia nas cidades de Ipia\u00fa, Guaratinga, Uru\u00e7uca, Coarac\u00ed, Eun\u00e1polis, Teixeira de Freitas.<\/p>\n<p>Pedrinho tamb\u00e9m foi diretor, quando morava em S\u00e3o Paulo dirigiu as pe\u00e7as: \u201cBar Doce Jaula\u201d, de Rubens Silva, na Faculdade de Comunica\u00e7\u00e3o; \u201cSociedade An\u00f4nima\u201d, de Bel Santos, produ\u00e7\u00e3o da Faculdade de Comunica\u00e7\u00e3o Morumbi\/Anhembi; \u201cUm Homem uma Mulher e uma Flor\u201d, de Glaucia Talon; \u201cUm Pedido de Casamento\u201d e \u201cO Urso\u201d, de Tchekov; \u201cA Raposa e as Uvas\u201d, de Guilherme Figueiredo, no Col\u00e9gio Frederico Ozanan.<\/p>\n<p>Em Salvador dirigiu a pe\u00e7a, \u201cTempos de Primavera\u201d, e o show musical \u201cO Orvalho vai caindo\u201d, cria\u00e7\u00e3o coletiva dos alunos do Col\u00e9gio Manoel Devoto.<\/p>\n<p>J\u00e1 morando em Ilh\u00e9us: \u201cAuto natalino\u201d; \u201cLampia\u00e7o, o Rei do Cang\u00e3o\u201d, de Walmir Jos\u00e9; \u201cAuto do Descobrimento\u201d, de Jorge Souza Araujo; \u201cO Homem e o Cacau\u201d, espet\u00e1culo comemorativo dos cinq\u00fcenta anos do Instituto de Cacau da Bahia, com pesquisa de Ana Virg\u00ednia Santiago e m\u00fasica de D\u00e9lio Santiago, express\u00e3o corporal de M\u00e1rio Gusm\u00e3o; \u201cA Bruxinha que era boa\u201d, \u201cPluft\u201d, \u201cO Fantasminha\u201d, e \u201cO Rapto das Cebolinhas\u201d, de Maria Clara Machado, montagem com os alunos da IME \u2013 Cia. Talentos da Terra; \u201cA Formiguinha Fofoqueira\u201d, de Carlos Nobre; \u201cO Curumim Invis\u00edvel\u201d, pe\u00e7a ecol\u00f3gica; o bal\u00e9 \u201cCarmem\u201d, produ\u00e7\u00e3o da Academia M\u00f4nica Tavares; Projeto Seis e Meia, produzido pela Funda\u00e7\u00e3o Cultural de Ilh\u00e9us; Bar Executivo, com Novos e Usados Jazz Band; shows musicais; \u201cConjunto\u00a0 Vazio\u201d, \u201cStela Estrela\u201d, \u201cDe Cora\u00e7\u00e3o\u201d, \u201cDesnudos\u201d, shows musicais;\u00a0 \u201cO Santo Inqu\u00e9rito\u201d, de Dias Gomes; \u201cA Elei\u00e7\u00e3o\u201d, de Maria de Lourdes Ramalho; \u201cO Auto do Frade\u201d, de Jo\u00e3o Cabral de Melo Neto; \u00a0\u00a0\u201cHoje eu n\u00e3o fa\u00e7o nada\u201d, \u201cA Marca da M\u00e3o\u201d, \u201cA For\u00e7a do N\u00e3o\u201d, \u201cAlvorada Grapiuna\u201d, \u201cOs Caminhos de Assis\u201d, \u201cPresente dos Magos\u201d, \u201cMulher sem Medo de Ser Mulher\u201d, de Yara Lima, com o Grupo de Teatro Vozes, de Itabuna; \u00a0\u00a0\u201cAmor por Anexins\u201d, de Arthur Azevedo; \u201cServian\u201d, show em homenagem ao Instituto Nossa Senhora da Piedade e TV Santa Cruz, texto de Ana Virg\u00ednia Santiago, com os bailarinos do Teatro Municipal do Rio de Janeiro, Helio Bejani e Elisa Baetta e participa\u00e7\u00e3o das Academias de Dan\u00e7a de Ilh\u00e9us; Performances para os col\u00e9gios de Ilh\u00e9us e Itabuna: \u201cA Megera Multipliciativa\u201d, de Cleise Mendes e \u201cO Sacrif\u00edcio\u201d.<\/p>\n<p>No governo do prefeito Jabes Ribeiro todo ano dirigia o \u201cProjeto das Crian\u00e7as\u201d no dia da cidade.<\/p>\n<p>No ano de 2002 ganhou o pr\u00eamio \u201c<em>Especial\u201d <\/em>do Trof\u00e9u Jupar\u00e1, e em sua homenagem a \u201dCasa dos Artistas\u201d criou a sala de teatro <strong><em>Pedro Mattos<\/em><\/strong>.<\/p>\n<p>Bacharel em comunica\u00e7\u00e3o social, diretor, ator teatral e jornalista, irreverente, mas altamente capaz nas suas decis\u00f5es e atitudes. Numa das cacha\u00e7adas da galera, no bar do Edif\u00edcio Santa Clara, num s\u00e1bado \u00e0 noite, o pessoal fazendo o aquecimento para a noitada, uns ficavam em Ilh\u00e9us outros iam para Itabuna, onde Ia ter o desfile \u201cMiss Gay\u201d, um engra\u00e7adinho, na hora que Pedrinho ia saindo gritou: Pedrinho voc\u00ea n\u00e3o vai concorrer ao \u201cMiss Gay\u201d?!, ele voltou, e muito s\u00e9rio respondeu: Rapaz, todo mundo sabe que sou homossexual, mas eu me respeito.<\/p>\n<p>Outra vez, quando era administrador do Circo Folias da Gabriela, num dos shows do Circo, um neg\u00e3o de Salvador queria entrar na ra\u00e7a, sem pagar, dizendo: \u201cEu sou Filho de Gandhi\u201d, posso entrar sem pagar. Pedrinho, que no dia estava trabalhando na portaria, lhe respondeu: \u201dE Eu sou Filho da Puta\u201d, e n\u00e3o vou deixar voc\u00ea entrar.<\/p>\n<p>Num dos grandes carnavais de Ilh\u00e9us saiu fantasiado de \u201cChiquita Bacana\u201d, em cima de uma carro\u00e7a cheia de bananas, com uma banana amarrada entre as pernas, atirando bananas nas pessoas que passavam, esta foi uma de suas irrever\u00eancias que presenciei.<\/p>\n<p>Faleceu de infec\u00e7\u00e3o generalizada, no dia 29 de junho de 2002. No seu vel\u00f3rio compareceram amigos de todo o Brasil, sendo que um padre da cidade<strong> <\/strong>interrompeu uma missa que estava celebrando para ir aben\u00e7oar o corpo de Pedrinho na sua chegada ao Cemit\u00e9rio da Vitoria, onde est\u00e1 enterrado no jazigo da fam\u00edlia.<\/p>\n","protected":false},"excerpt":{"rendered":"<p>&nbsp; No n\u00e3o t\u00e3o long\u00ednquo ano de 1944, exatamente no dia 18 de setembro, nascia, na Rua Carneiro da Rocha 55, aqui em S\u00e3o Jorge dos Ilh\u00e9us, Pedro Augusto Vital Mattos, ou seja, no mundo art\u00edstico Pedro Mattos, e para seus amigos Pedrinho, que era o terceiro filho do casal Carlos Frederico Monteiro de Mattos [&hellip;]<\/p>\n","protected":false},"author":2,"featured_media":0,"comment_status":"open","ping_status":"open","sticky":false,"template":"","format":"standard","meta":{"_links_to":"","_links_to_target":""},"categories":[10],"tags":[],"_links":{"self":[{"href":"https:\/\/www.r2cpress.com.br\/v1\/wp-json\/wp\/v2\/posts\/24698"}],"collection":[{"href":"https:\/\/www.r2cpress.com.br\/v1\/wp-json\/wp\/v2\/posts"}],"about":[{"href":"https:\/\/www.r2cpress.com.br\/v1\/wp-json\/wp\/v2\/types\/post"}],"author":[{"embeddable":true,"href":"https:\/\/www.r2cpress.com.br\/v1\/wp-json\/wp\/v2\/users\/2"}],"replies":[{"embeddable":true,"href":"https:\/\/www.r2cpress.com.br\/v1\/wp-json\/wp\/v2\/comments?post=24698"}],"version-history":[{"count":3,"href":"https:\/\/www.r2cpress.com.br\/v1\/wp-json\/wp\/v2\/posts\/24698\/revisions"}],"predecessor-version":[{"id":24702,"href":"https:\/\/www.r2cpress.com.br\/v1\/wp-json\/wp\/v2\/posts\/24698\/revisions\/24702"}],"wp:attachment":[{"href":"https:\/\/www.r2cpress.com.br\/v1\/wp-json\/wp\/v2\/media?parent=24698"}],"wp:term":[{"taxonomy":"category","embeddable":true,"href":"https:\/\/www.r2cpress.com.br\/v1\/wp-json\/wp\/v2\/categories?post=24698"},{"taxonomy":"post_tag","embeddable":true,"href":"https:\/\/www.r2cpress.com.br\/v1\/wp-json\/wp\/v2\/tags?post=24698"}],"curies":[{"name":"wp","href":"https:\/\/api.w.org\/{rel}","templated":true}]}}