{"id":24714,"date":"2011-09-21T23:04:22","date_gmt":"2011-09-22T02:04:22","guid":{"rendered":"http:\/\/www.r2cpress.com.br\/v1\/?p=24714"},"modified":"2011-09-21T23:04:22","modified_gmt":"2011-09-22T02:04:22","slug":"opus-dei-13","status":"publish","type":"post","link":"https:\/\/www.r2cpress.com.br\/v1\/2011\/09\/21\/opus-dei-13\/","title":{"rendered":"OPUS DEI"},"content":{"rendered":"<p style=\"text-align: center;\"><img loading=\"lazy\" class=\"aligncenter\" src=\"http:\/\/www.r2cpress.com.br\/v1\/wp-content\/uploads\/opusdei_0.jpg\" alt=\"\" width=\"110\" height=\"30\" \/><strong>BOLETIM 21 de setembro de 2011\u00a0<\/strong><\/p>\n<div><strong>Bento XVI fala aos casais de namorados durante Congresso Eucar\u00edstico. Editorial sobre a import\u00e2ncia de educar a afetividade. Prelado fala ao Zenit sobre a confiss\u00e3o. Texto doutrinal sobre a sociabilidade humana.<\/strong><\/div>\n<div><strong>DO PRELADO<\/strong><\/div>\n<div><a href=\"http:\/\/www.opusdei.org.br\/art.php?p=45256\" target=\"_blank\">Carta do Prelado (setembro 2011)<\/a><\/div>\n<p>O Prelado fala &#8211; em sua carta &#8211; de Abra\u00e3o, pai na f\u00e9, destacando a sua fidelidade, o seu trato e a sua amizade com Deus e a sua preocupa\u00e7\u00e3o com os outros. <a href=\"http:\/\/www.opusdei.org.br\/art.php?p=45256\" target=\"_blank\">[+]<\/a><\/p>\n<div><a href=\"http:\/\/www.opusdei.org.br\/art.php?p=45405\" target=\"_blank\">Confiss\u00e3o, m\u00e3o estendida em dire\u00e7\u00e3o \u00e0 convers\u00e3o<\/a><\/div>\n<p>O Prelado do Opus respondeu a 3 perguntas feitas pela ag\u00eancia de not\u00edcias Zenit. D. Javier Echevarr\u00eda v\u00ea na luz verde do confession\u00e1rio um m\u00e3o estendida rumo \u00e0 convers\u00e3o. <a href=\"http:\/\/www.opusdei.org.br\/art.php?p=45405\" target=\"_blank\">[+]<\/a><\/p>\n<div><strong>NOT\u00cdCIAS<\/strong><\/div>\n<div><a href=\"http:\/\/www.opusdei.org.br\/art.php?p=45446\" target=\"_blank\">Bento XVI fala aos casais de namorados<\/a><\/div>\n<p>\u201cO verdadeiro amor promete o infinito!\u201d, disse Bento XVI em uma mensagem dirigida \u00e0queles, junto com outra pessoa, buscam colocar as bases para viver um amor definitivo. <a href=\"http:\/\/www.opusdei.org.br\/art.php?p=45446\" target=\"_blank\">[+]<\/a><\/p>\n<div><strong>CULTIVAR A F\u00c9<\/strong><\/div>\n<div><a href=\"http:\/\/www.opusdei.org.br\/art.php?p=45213\" target=\"_blank\">TEMA 29. A pessoa e a sociedade<\/a><\/div>\n<p>Para a pessoa humana a vida social n\u00e3o \u00e9 algo acess\u00f3rio, mas deriva da sociabilidade: a pessoa somente cresce e realiza sua voca\u00e7\u00e3o em uni\u00e3o com os demais. <a href=\"http:\/\/www.opusdei.org.br\/art.php?p=45213\" target=\"_blank\">[+]<\/a><\/p>\n<div><a href=\"http:\/\/www.opusdei.org.br\/art.php?p=45424\" target=\"_blank\">Educar a afetividade<\/a><\/div>\n<p>Os afetos s\u00e3o imprescind\u00edveis para uma vida plena. Mas \u00e9 necess\u00e1rio educ\u00e1-los para que contribuam realmente para a felicidade da pessoa. Um novo texto sobre a fam\u00edlia e a educa\u00e7\u00e3o. <a href=\"http:\/\/www.opusdei.org.br\/art.php?p=45424\" target=\"_blank\">[+]<\/a><\/p>\n","protected":false},"excerpt":{"rendered":"<p>BOLETIM 21 de setembro de 2011\u00a0 Bento XVI fala aos casais de namorados durante Congresso Eucar\u00edstico. Editorial sobre a import\u00e2ncia de educar a afetividade. Prelado fala ao Zenit sobre a confiss\u00e3o. Texto doutrinal sobre a sociabilidade humana. DO PRELADO Carta do Prelado (setembro 2011) O Prelado fala &#8211; em sua carta &#8211; de Abra\u00e3o, pai [&hellip;]<\/p>\n","protected":false},"author":2,"featured_media":0,"comment_status":"open","ping_status":"open","sticky":false,"template":"","format":"standard","meta":{"_links_to":"","_links_to_target":""},"categories":[28],"tags":[],"_links":{"self":[{"href":"https:\/\/www.r2cpress.com.br\/v1\/wp-json\/wp\/v2\/posts\/24714"}],"collection":[{"href":"https:\/\/www.r2cpress.com.br\/v1\/wp-json\/wp\/v2\/posts"}],"about":[{"href":"https:\/\/www.r2cpress.com.br\/v1\/wp-json\/wp\/v2\/types\/post"}],"author":[{"embeddable":true,"href":"https:\/\/www.r2cpress.com.br\/v1\/wp-json\/wp\/v2\/users\/2"}],"replies":[{"embeddable":true,"href":"https:\/\/www.r2cpress.com.br\/v1\/wp-json\/wp\/v2\/comments?post=24714"}],"version-history":[{"count":4,"href":"https:\/\/www.r2cpress.com.br\/v1\/wp-json\/wp\/v2\/posts\/24714\/revisions"}],"predecessor-version":[{"id":24718,"href":"https:\/\/www.r2cpress.com.br\/v1\/wp-json\/wp\/v2\/posts\/24714\/revisions\/24718"}],"wp:attachment":[{"href":"https:\/\/www.r2cpress.com.br\/v1\/wp-json\/wp\/v2\/media?parent=24714"}],"wp:term":[{"taxonomy":"category","embeddable":true,"href":"https:\/\/www.r2cpress.com.br\/v1\/wp-json\/wp\/v2\/categories?post=24714"},{"taxonomy":"post_tag","embeddable":true,"href":"https:\/\/www.r2cpress.com.br\/v1\/wp-json\/wp\/v2\/tags?post=24714"}],"curies":[{"name":"wp","href":"https:\/\/api.w.org\/{rel}","templated":true}]}}