{"id":24719,"date":"2011-09-21T23:31:10","date_gmt":"2011-09-22T02:31:10","guid":{"rendered":"http:\/\/www.r2cpress.com.br\/v1\/?p=24719"},"modified":"2011-09-21T23:31:10","modified_gmt":"2011-09-22T02:31:10","slug":"vereadores-cobram-suspensao-dos-%e2%80%9cpardais%e2%80%9d-em-ilheus","status":"publish","type":"post","link":"https:\/\/www.r2cpress.com.br\/v1\/2011\/09\/21\/vereadores-cobram-suspensao-dos-%e2%80%9cpardais%e2%80%9d-em-ilheus\/","title":{"rendered":"VEREADORES COBRAM SUSPENS\u00c3O DOS \u201cPARDAIS\u201d EM ILH\u00c9US"},"content":{"rendered":"<p><div id=\"attachment_21144\" style=\"width: 260px\" class=\"wp-caption alignleft\"><a href=\"http:\/\/www.r2cpress.com.br\/v1\/wp-content\/uploads\/DINHO-G\u00c1S_REDUZIDO_.jpg\"><img aria-describedby=\"caption-attachment-21144\" loading=\"lazy\" src=\"http:\/\/www.r2cpress.com.br\/v1\/wp-content\/uploads\/DINHO-G\u00c1S_REDUZIDO_.jpg\" alt=\"\" title=\"DINHO G\u00c1S_REDUZIDO_\" width=\"250\" height=\"268\" class=\"size-full wp-image-21144\" \/><\/a><p id=\"caption-attachment-21144\" class=\"wp-caption-text\">Vereador Edvaldo Nascimento (Dinho G\u00e1s)<\/p><\/div>O presidente da C\u00e2mara Municipal de Ilh\u00e9us encaminhou of\u00edcio ao prefeito em exerc\u00edcio (interino) M\u00e1rio Alexandre, indicando a suspens\u00e3o do funcionamento e, das multas emitidas pelos radares eletr\u00f4nicos da cidade.<br \/>\nEdvaldo Nascimento (Dinho G\u00e1s), afirmou que seguiu o posicionamento dos vereadores, que tem sido contrario as cobran\u00e7as de multas emitidas pelos quatro \u201cpardais\u201d, instalados em locais de muito movimento e sem a devida sinaliza\u00e7\u00e3o em Ilh\u00e9us.<br \/>\nO assunto j\u00e1 vinha sendo discutido pelos vereadores desde a semana passada e foi tema do discurso feito na ultima quarta-feira 14, pelo vereador Alcides Kruschewsky, que classificou as multas como indevidas.<br \/>\nOutro vereador, Tarc\u00edsio Paix\u00e3o ressaltou que al\u00e9m da sinaliza\u00e7\u00e3o \u00e9 preciso que seja feita uma campanha educativa de 60 a 90 dias para que a popula\u00e7\u00e3o ilheense se conscientize sobre como agir nas imedia\u00e7\u00f5es dos pardais.<br \/>\nDinho G\u00e1s salienta que outro fator foi determinante para que a C\u00e2mara tomasse essa posi\u00e7\u00e3o e diz respeito \u00e0s v\u00e1rias queixas que tem chegado diariamente \u00e0 verean\u00e7a, \u201ctodos os dias n\u00f3s recebemos queixas de motoristas, taxistas, empres\u00e1rios e at\u00e9 de gente de fora da cidade, todos cobrando uma provid\u00eancia\u201d, finaliza.<br \/>\nSegundo o presidente da C\u00e2mara de Ilh\u00e9us, j\u00e1 existe o entendimento de que documento encaminhado pelo Poder Legislativo solicitando a suspens\u00e3o dos \u201cpardais\u201d dever\u00e1 ser acatado pelo munic\u00edpio e nas pr\u00f3ximas horas um Decreto Municipal ser\u00e1 baixado com essa finalidade.<\/p>\n<p>&#8212;<br \/>\nAI\/VER.<\/p>\n","protected":false},"excerpt":{"rendered":"<p>O presidente da C\u00e2mara Municipal de Ilh\u00e9us encaminhou of\u00edcio ao prefeito em exerc\u00edcio (interino) M\u00e1rio Alexandre, indicando a suspens\u00e3o do funcionamento e, das multas emitidas pelos radares eletr\u00f4nicos da cidade. Edvaldo Nascimento (Dinho G\u00e1s), afirmou que seguiu o posicionamento dos vereadores, que tem sido contrario as cobran\u00e7as de multas emitidas pelos quatro \u201cpardais\u201d, instalados em [&hellip;]<\/p>\n","protected":false},"author":2,"featured_media":0,"comment_status":"open","ping_status":"open","sticky":false,"template":"","format":"standard","meta":{"_links_to":"","_links_to_target":""},"categories":[22],"tags":[],"_links":{"self":[{"href":"https:\/\/www.r2cpress.com.br\/v1\/wp-json\/wp\/v2\/posts\/24719"}],"collection":[{"href":"https:\/\/www.r2cpress.com.br\/v1\/wp-json\/wp\/v2\/posts"}],"about":[{"href":"https:\/\/www.r2cpress.com.br\/v1\/wp-json\/wp\/v2\/types\/post"}],"author":[{"embeddable":true,"href":"https:\/\/www.r2cpress.com.br\/v1\/wp-json\/wp\/v2\/users\/2"}],"replies":[{"embeddable":true,"href":"https:\/\/www.r2cpress.com.br\/v1\/wp-json\/wp\/v2\/comments?post=24719"}],"version-history":[{"count":2,"href":"https:\/\/www.r2cpress.com.br\/v1\/wp-json\/wp\/v2\/posts\/24719\/revisions"}],"predecessor-version":[{"id":24721,"href":"https:\/\/www.r2cpress.com.br\/v1\/wp-json\/wp\/v2\/posts\/24719\/revisions\/24721"}],"wp:attachment":[{"href":"https:\/\/www.r2cpress.com.br\/v1\/wp-json\/wp\/v2\/media?parent=24719"}],"wp:term":[{"taxonomy":"category","embeddable":true,"href":"https:\/\/www.r2cpress.com.br\/v1\/wp-json\/wp\/v2\/categories?post=24719"},{"taxonomy":"post_tag","embeddable":true,"href":"https:\/\/www.r2cpress.com.br\/v1\/wp-json\/wp\/v2\/tags?post=24719"}],"curies":[{"name":"wp","href":"https:\/\/api.w.org\/{rel}","templated":true}]}}