{"id":24771,"date":"2011-09-22T13:46:12","date_gmt":"2011-09-22T16:46:12","guid":{"rendered":"http:\/\/www.r2cpress.com.br\/v1\/?p=24771"},"modified":"2011-09-22T22:29:48","modified_gmt":"2011-09-23T01:29:48","slug":"c-o-n-v-i-t-e-10","status":"publish","type":"post","link":"https:\/\/www.r2cpress.com.br\/v1\/2011\/09\/22\/c-o-n-v-i-t-e-10\/","title":{"rendered":"C O N V I T E"},"content":{"rendered":"<p><center><a href=\"http:\/\/www.r2cpress.com.br\/v1\/wp-content\/uploads\/CONVITE-CONFER\u00caNCIA.jpg\"><img loading=\"lazy\" class=\"aligncenter size-full wp-image-24772\" title=\"CONVITE CONFER\u00caNCIA\" src=\"http:\/\/www.r2cpress.com.br\/v1\/wp-content\/uploads\/CONVITE-CONFER\u00caNCIA.jpg\" alt=\"\" width=\"450\" height=\"300\" srcset=\"https:\/\/www.r2cpress.com.br\/v1\/wp-content\/uploads\/CONVITE-CONFER\u00caNCIA.jpg 450w, https:\/\/www.r2cpress.com.br\/v1\/wp-content\/uploads\/CONVITE-CONFER\u00caNCIA-300x200.jpg 300w\" sizes=\"(max-width: 450px) 100vw, 450px\" \/><\/a><\/center><\/p>\n<p align=\"center\"><strong>II Confer\u00eancia de Cultura de Ilh\u00e9us acontece neste fim de semana<\/strong><\/p>\n<p align=\"center\"><strong>\u00a0<\/strong><\/p>\n<p>A II Confer\u00eancia Municipal de Cultura de Ilh\u00e9us acontece nos pr\u00f3ximos dias 24 e 25, no Teatro Municipal. A abertura ser\u00e1 no s\u00e1bado \u00e0s 19h, com a fala inspiradora dos gestores culturais Edmar Vieira, da cidade de Marac\u00e1s, e Jomar Lima da Concei\u00e7\u00e3o, da cidade de Muritiba, que falar\u00e3o sobre suas experi\u00eancias na implanta\u00e7\u00e3o do Plano Municipal de Cultura de seus munic\u00edpios. Em seguida, haver\u00e1 apresenta\u00e7\u00f5es art\u00edsticas de Bianca e Tiago Albert e da Escola de Dan\u00e7a da T\u00f4nus. No domingo, o credenciamento se inicia \u00e0s 8h e as atividades se estendem at\u00e9 as 18h. No intervalo do almo\u00e7o, ser\u00e1 oferecida uma Feijoada Cultural para os participantes.<\/p>\n<p>A Confer\u00eancia \u00e9 um instrumento por meio do qual a comunidade aponta as necessidades e demandas na \u00e1rea cultural e prop\u00f5e os projetos mais adequados. Com essas informa\u00e7\u00f5es, \u00e9 poss\u00edvel dar o pontap\u00e9 inicial para a elabora\u00e7\u00e3o do Plano Municipal de Cultura, instrumento que ir\u00e1 reger todas as diretrizes pelos pr\u00f3ximos 10 anos.<\/p>\n<p>De acordo com o presidente da Funda\u00e7\u00e3o Cultural de Ilh\u00e9us, Mauricio Corso, \u201co plano \u00e9 um importante instrumento de gest\u00e3o para a ordena\u00e7\u00e3o de uma Pol\u00edtica P\u00fablica de Cultura no munic\u00edpio. Ele \u00e9 um documento formal que deve expressar motiva\u00e7\u00f5es, desejos, inten\u00e7\u00f5es, pol\u00edticas, diretrizes, programas, objetivos e projetos. Embora elaborado sob a lideran\u00e7a do poder executivo municipal, atrav\u00e9s de seu \u00f3rg\u00e3o de cultura, e com ampla participa\u00e7\u00e3o do Conselho Municipal de Cultura, o Plano deve servir \u00e0 comunidade e n\u00e3o aos seus autores oficiais, exigindo, para a sua constru\u00e7\u00e3o, o envolvimento e atua\u00e7\u00e3o de segmentos representativos da cultura local\u201d.<\/p>\n<p>A metodologia da Confer\u00eancia compreende a divis\u00e3o de seis eixos tem\u00e1ticos: Express\u00f5es Art\u00edsticas, mediador Romualdo Lisboa; Patrim\u00f4nio e Mem\u00f3ria, mediador Andr\u00e9 Rosa; Pensamento e Leitura, mediadora Regina Figueroa; Transversalidade da Cultura, mediador Letto Nicolau; Gest\u00e3o da Cultura, mediador Pawlo Cidade; e Sustentabilidade das Redes Produtivas e Servi\u00e7os Criativos, mediador Gerson Marques.<\/p>\n<p>Ilh\u00e9us \u00e9 uma das poucas cidades da Bahia que est\u00e3o adiantadas no processo de implementa\u00e7\u00e3o do Sistema Municipal de Cultura. De acordo com Pawlo Cidade, assessor de projetos da Funda\u00e7\u00e3o Cultural de Ilh\u00e9us e articulador da Confer\u00eancia, \u201celas apontam caminhos e se configuram como palco de discuss\u00f5es democr\u00e1ticas, fomentadoras de pol\u00edticas p\u00fablicas\u201d. Portanto, a presen\u00e7a expressiva da comunidade \u00e9 de extrema import\u00e2ncia.<\/p>\n","protected":false},"excerpt":{"rendered":"<p>II Confer\u00eancia de Cultura de Ilh\u00e9us acontece neste fim de semana \u00a0 A II Confer\u00eancia Municipal de Cultura de Ilh\u00e9us acontece nos pr\u00f3ximos dias 24 e 25, no Teatro Municipal. A abertura ser\u00e1 no s\u00e1bado \u00e0s 19h, com a fala inspiradora dos gestores culturais Edmar Vieira, da cidade de Marac\u00e1s, e Jomar Lima da Concei\u00e7\u00e3o, [&hellip;]<\/p>\n","protected":false},"author":2,"featured_media":0,"comment_status":"open","ping_status":"open","sticky":false,"template":"","format":"standard","meta":{"_links_to":"","_links_to_target":""},"categories":[5],"tags":[],"_links":{"self":[{"href":"https:\/\/www.r2cpress.com.br\/v1\/wp-json\/wp\/v2\/posts\/24771"}],"collection":[{"href":"https:\/\/www.r2cpress.com.br\/v1\/wp-json\/wp\/v2\/posts"}],"about":[{"href":"https:\/\/www.r2cpress.com.br\/v1\/wp-json\/wp\/v2\/types\/post"}],"author":[{"embeddable":true,"href":"https:\/\/www.r2cpress.com.br\/v1\/wp-json\/wp\/v2\/users\/2"}],"replies":[{"embeddable":true,"href":"https:\/\/www.r2cpress.com.br\/v1\/wp-json\/wp\/v2\/comments?post=24771"}],"version-history":[{"count":4,"href":"https:\/\/www.r2cpress.com.br\/v1\/wp-json\/wp\/v2\/posts\/24771\/revisions"}],"predecessor-version":[{"id":24832,"href":"https:\/\/www.r2cpress.com.br\/v1\/wp-json\/wp\/v2\/posts\/24771\/revisions\/24832"}],"wp:attachment":[{"href":"https:\/\/www.r2cpress.com.br\/v1\/wp-json\/wp\/v2\/media?parent=24771"}],"wp:term":[{"taxonomy":"category","embeddable":true,"href":"https:\/\/www.r2cpress.com.br\/v1\/wp-json\/wp\/v2\/categories?post=24771"},{"taxonomy":"post_tag","embeddable":true,"href":"https:\/\/www.r2cpress.com.br\/v1\/wp-json\/wp\/v2\/tags?post=24771"}],"curies":[{"name":"wp","href":"https:\/\/api.w.org\/{rel}","templated":true}]}}