{"id":24864,"date":"2011-09-23T12:56:22","date_gmt":"2011-09-23T15:56:22","guid":{"rendered":"http:\/\/www.r2cpress.com.br\/v1\/?p=24864"},"modified":"2011-09-23T12:57:22","modified_gmt":"2011-09-23T15:57:22","slug":"24864","status":"publish","type":"post","link":"https:\/\/www.r2cpress.com.br\/v1\/2011\/09\/23\/24864\/","title":{"rendered":"ILH\u00c9US E ITABUNA SE UNEM PARA COMETER CRIME AMBIENTAL"},"content":{"rendered":"<p><img loading=\"lazy\" class=\"alignnone\" src=\"http:\/\/www.r2cpress.com.br\/v1\/wp-content\/uploads\/MASCARENHAS-NOVA.jpg\" alt=\"\" width=\"300\" height=\"129\" \/><\/p>\n<p>Com o t\u00edtulo \u201cIlh\u00e9us e Itabuna podem responder inqu\u00e9rito civil por retirada ilegal de areia\u201d, o Jornal A Tarde da Bahia de hoje, 23.09.2011, publica reportagem sobre a uni\u00e3o que fizeram prepostos das duas prefeituras para cometerem um crime ambiental, pois o artigo 55 da Lei 9.605\/98, diz<strong> <\/strong>que a pesquisa, lavra ou extra\u00e7\u00e3o de recursos minerais, sem a devida autoriza\u00e7\u00e3o, permiss\u00e3o, concess\u00e3o ou licen\u00e7a \u00e9 crime, com pena prevista de seis meses a um ano de deten\u00e7\u00e3o.<\/p>\n<div id=\"attachment_24865\" style=\"width: 310px\" class=\"wp-caption aligncenter\"><a href=\"http:\/\/www.r2cpress.com.br\/v1\/wp-content\/uploads\/areia-praia-A-TARDE.jpg\"><img aria-describedby=\"caption-attachment-24865\" loading=\"lazy\" class=\"size-full wp-image-24865\" title=\"areia praia A TARDE\" src=\"http:\/\/www.r2cpress.com.br\/v1\/wp-content\/uploads\/areia-praia-A-TARDE.jpg\" alt=\"\" width=\"300\" height=\"212\" \/><\/a><p id=\"caption-attachment-24865\" class=\"wp-caption-text\">Foto: JORNAL A TARDE<\/p><\/div>\n<p>Diz tamb\u00e9m a reportagem que as duas prefeituras ser\u00e3o chamadas a assinar um Termo de Ajustamento de Conduta \u2013 TAC, e a depender da gravidade dos fatos flagrado pela Delegacia de Prote\u00e7\u00e3o Ambiental na ter\u00e7a-feira, poder\u00e3o ser alvo tamb\u00e9m de inqu\u00e9rito civil p\u00fablico.<\/p>\n<p>O mais interessante de tudo isto \u00e9 que os administradores das duas cidades n\u00e3o conseguem se unir para criar uma Regi\u00e3o Metropolitana que traria grandes benef\u00edcios para todos, mas facilmente se unem para cometer crime ambiental.<\/p>\n<p>Aproveito a oportunidade para mais uma vez assinalar a import\u00e2ncia de lutarmos pela imediata cria\u00e7\u00e3o da REGI\u00c3O METROPOLITANA ILH\u00c9US-ITABUNA.<\/p>\n<p>Eu afirmo aqui que vou continuar lutando por isto.<\/p>\n<p><a href=\"http:\/\/www.r2cpress.com.br\/v1\/wp-content\/uploads\/METROPOLITANA-MASCARENHAS.jpg\"><img loading=\"lazy\" class=\"aligncenter size-full wp-image-24866\" title=\"METROPOLITANA MASCARENHAS\" src=\"http:\/\/www.r2cpress.com.br\/v1\/wp-content\/uploads\/METROPOLITANA-MASCARENHAS.jpg\" alt=\"\" width=\"300\" height=\"202\" \/><\/a><\/p>\n<p>Carlos da Silva Mascarenhas<\/p>\n<p>carlos.consultic@gmail.com<strong><\/strong><\/p>\n","protected":false},"excerpt":{"rendered":"<p>Com o t\u00edtulo \u201cIlh\u00e9us e Itabuna podem responder inqu\u00e9rito civil por retirada ilegal de areia\u201d, o Jornal A Tarde da Bahia de hoje, 23.09.2011, publica reportagem sobre a uni\u00e3o que fizeram prepostos das duas prefeituras para cometerem um crime ambiental, pois o artigo 55 da Lei 9.605\/98, diz que a pesquisa, lavra ou extra\u00e7\u00e3o de [&hellip;]<\/p>\n","protected":false},"author":2,"featured_media":0,"comment_status":"open","ping_status":"open","sticky":false,"template":"","format":"standard","meta":{"_links_to":"","_links_to_target":""},"categories":[10],"tags":[],"_links":{"self":[{"href":"https:\/\/www.r2cpress.com.br\/v1\/wp-json\/wp\/v2\/posts\/24864"}],"collection":[{"href":"https:\/\/www.r2cpress.com.br\/v1\/wp-json\/wp\/v2\/posts"}],"about":[{"href":"https:\/\/www.r2cpress.com.br\/v1\/wp-json\/wp\/v2\/types\/post"}],"author":[{"embeddable":true,"href":"https:\/\/www.r2cpress.com.br\/v1\/wp-json\/wp\/v2\/users\/2"}],"replies":[{"embeddable":true,"href":"https:\/\/www.r2cpress.com.br\/v1\/wp-json\/wp\/v2\/comments?post=24864"}],"version-history":[{"count":4,"href":"https:\/\/www.r2cpress.com.br\/v1\/wp-json\/wp\/v2\/posts\/24864\/revisions"}],"predecessor-version":[{"id":24870,"href":"https:\/\/www.r2cpress.com.br\/v1\/wp-json\/wp\/v2\/posts\/24864\/revisions\/24870"}],"wp:attachment":[{"href":"https:\/\/www.r2cpress.com.br\/v1\/wp-json\/wp\/v2\/media?parent=24864"}],"wp:term":[{"taxonomy":"category","embeddable":true,"href":"https:\/\/www.r2cpress.com.br\/v1\/wp-json\/wp\/v2\/categories?post=24864"},{"taxonomy":"post_tag","embeddable":true,"href":"https:\/\/www.r2cpress.com.br\/v1\/wp-json\/wp\/v2\/tags?post=24864"}],"curies":[{"name":"wp","href":"https:\/\/api.w.org\/{rel}","templated":true}]}}