{"id":24875,"date":"2011-09-23T20:00:11","date_gmt":"2011-09-23T23:00:11","guid":{"rendered":"http:\/\/www.r2cpress.com.br\/v1\/?p=24875"},"modified":"2011-09-23T14:39:18","modified_gmt":"2011-09-23T17:39:18","slug":"do-fundo-do-bau-de-jose-leite-37","status":"publish","type":"post","link":"https:\/\/www.r2cpress.com.br\/v1\/2011\/09\/23\/do-fundo-do-bau-de-jose-leite-37\/","title":{"rendered":"DO FUNDO DO BA\u00da DE JOS\u00c9 LEITE"},"content":{"rendered":"<p><center><img SRC = \"http:\/\/www.r2cpress.com.br\/v1\/wp-content\/uploads\/tampa-do-ba%C3%BA-com-camisa.jpg\"\/><\/p>\n<p><strong>1)\tA VISITA DE GALV\u00c3O BUENO \u00c0 ILH\u00c9US<br \/>\n2)\tAS FOTOS DESTAQUES DA SEMANA<\/strong><\/center><\/p>\n<p><!--more--><\/p>\n<p>***<\/p>\n<p><b><center>A VISITA DE GALV\u00c3O BUENO \u00c1 ILH\u00c9US<\/center><\/b><\/p>\n<div id=\"attachment_24876\" style=\"width: 220px\" class=\"wp-caption aligncenter\"><a href=\"http:\/\/www.r2cpress.com.br\/v1\/wp-content\/uploads\/159.jpg\"><img aria-describedby=\"caption-attachment-24876\" loading=\"lazy\" src=\"http:\/\/www.r2cpress.com.br\/v1\/wp-content\/uploads\/159-210x300.jpg\" alt=\"\" title=\"GALV\u00c3O BUENO \u00e9 um narrador, radialista e apresentador esportivo brasileiro. Atualmente GALV\u00c3O BUENO trabalha para a REDE GLOBO. Ele \u00e9 muito conhecido por narrar para brasileiros momentos relevantes do esporte nacional, como o Tetra campeonato e o Penta campeonato mundial da SELE\u00c7\u00c3O BRASILEIRA DE FUTEBOL, os t\u00edtulos mundiais da FORMULA 1 e o acidente fatal do piloto brasileiro AYRTON SENNA, al\u00e9m de v\u00e1rios Jogos OL\u00cdMPICOS da era Moderna. Dentre as suas paix\u00f5es esportivas, destacam-se o basquete e o automobilismo, este \u00faltimo herdado por seus filhos CAC\u00c1 BUENO e POP\u00d3 BUENO ambos pilotos da categoria STOCK CAR onde atualmente s\u00e3o destaques no BRASIL.\" width=\"210\" height=\"300\" class=\"size-medium wp-image-24876\" srcset=\"https:\/\/www.r2cpress.com.br\/v1\/wp-content\/uploads\/159-210x300.jpg 210w, https:\/\/www.r2cpress.com.br\/v1\/wp-content\/uploads\/159.jpg 300w\" sizes=\"(max-width: 210px) 100vw, 210px\" \/><\/a><p id=\"caption-attachment-24876\" class=\"wp-caption-text\">GALV\u00c3O BUENO \u00e9 um narrador, radialista e apresentador esportivo brasileiro. Atualmente GALV\u00c3O BUENO trabalha para a REDE GLOBO. Ele \u00e9 muito conhecido por narrar para brasileiros momentos relevantes do esporte nacional, como o Tetra campeonato e o Penta campeonato mundial da SELE\u00c7\u00c3O BRASILEIRA DE FUTEBOL, os t\u00edtulos mundiais da FORMULA 1 e o acidente fatal do piloto brasileiro AYRTON SENNA, al\u00e9m de v\u00e1rios Jogos OL\u00cdMPICOS da era Moderna. Dentre as suas paix\u00f5es esportivas, destacam-se o basquete e o automobilismo, este \u00faltimo herdado por seus filhos CAC\u00c1 BUENO e POP\u00d3 BUENO ambos pilotos da categoria STOCK CAR onde atualmente s\u00e3o destaques no BRASIL.<\/p><\/div>\n<div id=\"attachment_24877\" style=\"width: 211px\" class=\"wp-caption aligncenter\"><a href=\"http:\/\/www.r2cpress.com.br\/v1\/wp-content\/uploads\/229.jpg\"><img aria-describedby=\"caption-attachment-24877\" loading=\"lazy\" src=\"http:\/\/www.r2cpress.com.br\/v1\/wp-content\/uploads\/229-201x300.jpg\" alt=\"\" title=\"GALV\u00c3O BUENO tem um grande amigo em ILH\u00c9US, \u00e9 o MAGID HAGE que tamb\u00e9m \u00e9 meu amigo. Na foto acima GALV\u00c3O BUENO ao lado de D. HILDETE esposa de MAGID. (Foto: 16-01-1987)\" width=\"201\" height=\"300\" class=\"size-medium wp-image-24877\" srcset=\"https:\/\/www.r2cpress.com.br\/v1\/wp-content\/uploads\/229-201x300.jpg 201w, https:\/\/www.r2cpress.com.br\/v1\/wp-content\/uploads\/229.jpg 592w\" sizes=\"(max-width: 201px) 100vw, 201px\" \/><\/a><p id=\"caption-attachment-24877\" class=\"wp-caption-text\">GALV\u00c3O BUENO tem um grande amigo em ILH\u00c9US, \u00e9 o MAGID HAGE que tamb\u00e9m \u00e9 meu amigo. Na foto acima GALV\u00c3O BUENO ao lado de D. HILDETE esposa de MAGID. (Foto: 16-01-1987)<\/p><\/div>\n<div id=\"attachment_24878\" style=\"width: 310px\" class=\"wp-caption aligncenter\"><a href=\"http:\/\/www.r2cpress.com.br\/v1\/wp-content\/uploads\/330.jpg\"><img aria-describedby=\"caption-attachment-24878\" loading=\"lazy\" src=\"http:\/\/www.r2cpress.com.br\/v1\/wp-content\/uploads\/330-300x200.jpg\" alt=\"\" title=\"MAGID HAGE (camisa listrada), GALV\u00c3O BUENO \u00e9 o \u00faltimo sentado \u00e0 direita e um amigo. O garoto louro de camisa amarela \u00e9 POP\u00d3 e o de camiseta \u00e9 o CAC\u00c1 BUENO. (Foto: 16-01-1987).\" width=\"300\" height=\"200\" class=\"size-medium wp-image-24878\" srcset=\"https:\/\/www.r2cpress.com.br\/v1\/wp-content\/uploads\/330-300x200.jpg 300w, https:\/\/www.r2cpress.com.br\/v1\/wp-content\/uploads\/330.jpg 880w\" sizes=\"(max-width: 300px) 100vw, 300px\" \/><\/a><p id=\"caption-attachment-24878\" class=\"wp-caption-text\">MAGID HAGE (camisa listrada), GALV\u00c3O BUENO \u00e9 o \u00faltimo sentado \u00e0 direita e um amigo. O garoto louro de camisa amarela \u00e9 POP\u00d3 e o de camiseta \u00e9 o CAC\u00c1 BUENO. (Foto: 16-01-1987).<\/p><\/div>\n<div id=\"attachment_24879\" style=\"width: 310px\" class=\"wp-caption aligncenter\"><a href=\"http:\/\/www.r2cpress.com.br\/v1\/wp-content\/uploads\/428.jpg\"><img aria-describedby=\"caption-attachment-24879\" loading=\"lazy\" src=\"http:\/\/www.r2cpress.com.br\/v1\/wp-content\/uploads\/428-300x197.jpg\" alt=\"\" title=\"Na foto, da esquerda para a direita sentados: MAGID HAGE, POP\u00d3, CAC\u00c1, um amigo e GALV\u00c3O BUENO numa Pizzaria na Avenida 2 de Julho. (Foto: 16-01-1987)\" width=\"300\" height=\"197\" class=\"size-medium wp-image-24879\" srcset=\"https:\/\/www.r2cpress.com.br\/v1\/wp-content\/uploads\/428-300x197.jpg 300w, https:\/\/www.r2cpress.com.br\/v1\/wp-content\/uploads\/428.jpg 886w\" sizes=\"(max-width: 300px) 100vw, 300px\" \/><\/a><p id=\"caption-attachment-24879\" class=\"wp-caption-text\">Na foto, da esquerda para a direita sentados: MAGID HAGE, POP\u00d3, CAC\u00c1, um amigo e GALV\u00c3O BUENO numa Pizzaria na Avenida 2 de Julho. (Foto: 16-01-1987)<\/p><\/div>\n<div id=\"attachment_24880\" style=\"width: 310px\" class=\"wp-caption aligncenter\"><a href=\"http:\/\/www.r2cpress.com.br\/v1\/wp-content\/uploads\/528.jpg\"><img aria-describedby=\"caption-attachment-24880\" loading=\"lazy\" src=\"http:\/\/www.r2cpress.com.br\/v1\/wp-content\/uploads\/528-300x198.jpg\" alt=\"\" title=\"J\u00e1 que estamos falando do amigo MAGID HAGE, uma foto do dia de seu casamento com HILDETE MARIA TEIXEIRA HAGE ladeados pelos padrinhos e amigos DR. NERIVAL ROSA BARROS (Ex. Prefeito de Ilh\u00e9us em 1967-1969) e sua esposa ILMA MARIA TEIXEIRA BARROS (Foto: 27-01-1967)\" width=\"300\" height=\"198\" class=\"size-medium wp-image-24880\" srcset=\"https:\/\/www.r2cpress.com.br\/v1\/wp-content\/uploads\/528-300x198.jpg 300w, https:\/\/www.r2cpress.com.br\/v1\/wp-content\/uploads\/528.jpg 892w\" sizes=\"(max-width: 300px) 100vw, 300px\" \/><\/a><p id=\"caption-attachment-24880\" class=\"wp-caption-text\">J\u00e1 que estamos falando do amigo MAGID HAGE, uma foto do dia de seu casamento com HILDETE MARIA TEIXEIRA HAGE ladeados pelos padrinhos e amigos DR. NERIVAL ROSA BARROS (Ex. Prefeito de Ilh\u00e9us em 1967-1969) e sua esposa ILMA MARIA TEIXEIRA BARROS (Foto: 27-01-1967)<\/p><\/div>\n<p><b><center>AS FOTOS DESTAQUES DA SEMANA<\/center><\/b><\/p>\n<div id=\"attachment_24881\" style=\"width: 310px\" class=\"wp-caption aligncenter\"><a href=\"http:\/\/www.r2cpress.com.br\/v1\/wp-content\/uploads\/628.jpg\"><img aria-describedby=\"caption-attachment-24881\" loading=\"lazy\" src=\"http:\/\/www.r2cpress.com.br\/v1\/wp-content\/uploads\/628-300x222.jpg\" alt=\"\" title=\"PARAB\u00c9NS! Para a C\u00c2MARA DE DIRIGENTES LOJISTAS DE ILH\u00c9US (CDL) que completou 37 anos na \u00faltima ter\u00e7a feira (20-09-2011). Na foto acima, jantar em comemora\u00e7\u00e3o ao 10\u00b0 anivers\u00e1rio do CDL sob a Presid\u00eancia do saudoso MOYS\u00c9S BOHANA que aparece ao fundo de \u00f3culos e camisa escura. (Foto: 20-09-1984).\" width=\"300\" height=\"222\" class=\"size-medium wp-image-24881\" srcset=\"https:\/\/www.r2cpress.com.br\/v1\/wp-content\/uploads\/628-300x222.jpg 300w, https:\/\/www.r2cpress.com.br\/v1\/wp-content\/uploads\/628-1024x759.jpg 1024w, https:\/\/www.r2cpress.com.br\/v1\/wp-content\/uploads\/628.jpg 1402w\" sizes=\"(max-width: 300px) 100vw, 300px\" \/><\/a><p id=\"caption-attachment-24881\" class=\"wp-caption-text\">PARAB\u00c9NS! Para a C\u00c2MARA DE DIRIGENTES LOJISTAS DE ILH\u00c9US (CDL) que completou 37 anos na \u00faltima ter\u00e7a feira (20-09-2011). Na foto acima, jantar em comemora\u00e7\u00e3o ao 10\u00b0 anivers\u00e1rio do CDL sob a Presid\u00eancia do saudoso MOYS\u00c9S BOHANA que aparece ao fundo de \u00f3culos e camisa escura. (Foto: 20-09-1984).<\/p><\/div>\n<p><b><center>COM\u00c9RCIO DE ILH\u00c9US EM LUTO<\/center><\/b><\/p>\n<div id=\"attachment_24882\" style=\"width: 208px\" class=\"wp-caption aligncenter\"><a href=\"http:\/\/www.r2cpress.com.br\/v1\/wp-content\/uploads\/7_.jpg\"><img aria-describedby=\"caption-attachment-24882\" loading=\"lazy\" src=\"http:\/\/www.r2cpress.com.br\/v1\/wp-content\/uploads\/7_-198x300.jpg\" alt=\"\" title=\"Faleceu ontem (22-09-2011) um dos mais antigos Comerciantes do Com\u00e9rcio de Ilh\u00e9us, GUY FERREIRA MELO (LIVRARIA E PAPELARIA A NACIONAL). Seu sepultamento aconteceu hoje (23-09-2011) no Cemit\u00e9rio do Pontal onde est\u00e1 sepultado o seu Pai EROTILDES MELO. DESCANSE EM PAZ MEU AMIGO! (Foto clicada por Jos\u00e9 Leite em Maio\/2011)\" width=\"198\" height=\"300\" class=\"size-medium wp-image-24882\" srcset=\"https:\/\/www.r2cpress.com.br\/v1\/wp-content\/uploads\/7_-198x300.jpg 198w, https:\/\/www.r2cpress.com.br\/v1\/wp-content\/uploads\/7_.jpg 200w\" sizes=\"(max-width: 198px) 100vw, 198px\" \/><\/a><p id=\"caption-attachment-24882\" class=\"wp-caption-text\">Faleceu ontem (22-09-2011) um dos mais antigos Comerciantes do Com\u00e9rcio de Ilh\u00e9us, GUY FERREIRA MELO (LIVRARIA E PAPELARIA A NACIONAL). Seu sepultamento aconteceu hoje (23-09-2011) no Cemit\u00e9rio do Pontal onde est\u00e1 sepultado o seu Pai EROTILDES MELO. DESCANSE EM PAZ MEU AMIGO! (Foto clicada por Jos\u00e9 Leite em Maio\/2011)<\/p><\/div>\n<div id=\"attachment_24883\" style=\"width: 310px\" class=\"wp-caption aligncenter\"><a href=\"http:\/\/www.r2cpress.com.br\/v1\/wp-content\/uploads\/728.jpg\"><img aria-describedby=\"caption-attachment-24883\" loading=\"lazy\" src=\"http:\/\/www.r2cpress.com.br\/v1\/wp-content\/uploads\/728-300x203.jpg\" alt=\"\" title=\"Final da AVENIDA BAHIA, o pr\u00e9dio \u00e0 direita \u00e9 o CLUBE SOCIAL DE ILH\u00c9US. (Foto: D\u00e9cada de 1950)\" width=\"300\" height=\"203\" class=\"size-medium wp-image-24883\" srcset=\"https:\/\/www.r2cpress.com.br\/v1\/wp-content\/uploads\/728-300x203.jpg 300w, https:\/\/www.r2cpress.com.br\/v1\/wp-content\/uploads\/728.jpg 868w\" sizes=\"(max-width: 300px) 100vw, 300px\" \/><\/a><p id=\"caption-attachment-24883\" class=\"wp-caption-text\">Final da AVENIDA BAHIA, o pr\u00e9dio \u00e0 direita \u00e9 o CLUBE SOCIAL DE ILH\u00c9US. (Foto: D\u00e9cada de 1950)<\/p><\/div>\n<div id=\"attachment_24885\" style=\"width: 310px\" class=\"wp-caption aligncenter\"><a href=\"http:\/\/www.r2cpress.com.br\/v1\/wp-content\/uploads\/827.jpg\"><img aria-describedby=\"caption-attachment-24885\" loading=\"lazy\" src=\"http:\/\/www.r2cpress.com.br\/v1\/wp-content\/uploads\/827-300x209.jpg\" alt=\"\" title=\"Constru\u00e7\u00e3o do CAIS DO UNH\u00c3O (AV. 2 DE JULHO)  (Foto: D\u00e9cada de 1940\" width=\"300\" height=\"209\" class=\"size-medium wp-image-24885\" srcset=\"https:\/\/www.r2cpress.com.br\/v1\/wp-content\/uploads\/827-300x209.jpg 300w, https:\/\/www.r2cpress.com.br\/v1\/wp-content\/uploads\/827.jpg 856w\" sizes=\"(max-width: 300px) 100vw, 300px\" \/><\/a><p id=\"caption-attachment-24885\" class=\"wp-caption-text\">Constru\u00e7\u00e3o do CAIS DO UNH\u00c3O (AV. 2 DE JULHO)  (Foto: D\u00e9cada de 1940<\/p><\/div>\n<div id=\"attachment_24886\" style=\"width: 310px\" class=\"wp-caption aligncenter\"><a href=\"http:\/\/www.r2cpress.com.br\/v1\/wp-content\/uploads\/927.jpg\"><img aria-describedby=\"caption-attachment-24886\" loading=\"lazy\" src=\"http:\/\/www.r2cpress.com.br\/v1\/wp-content\/uploads\/927-300x195.jpg\" alt=\"\" title=\"PRA\u00c7A DOM EDUARDO de frente \u00e0 CATEDRAL. Observe o Busto do saudoso BISPO DOM EDUARDO num pedestal e arborizado. (Foto: Come\u00e7o da d\u00e9cada de 1960).\" width=\"300\" height=\"195\" class=\"size-medium wp-image-24886\" srcset=\"https:\/\/www.r2cpress.com.br\/v1\/wp-content\/uploads\/927-300x195.jpg 300w, https:\/\/www.r2cpress.com.br\/v1\/wp-content\/uploads\/927.jpg 891w\" sizes=\"(max-width: 300px) 100vw, 300px\" \/><\/a><p id=\"caption-attachment-24886\" class=\"wp-caption-text\">PRA\u00c7A DOM EDUARDO de frente \u00e0 CATEDRAL. Observe o Busto do saudoso BISPO DOM EDUARDO num pedestal e arborizado. (Foto: Come\u00e7o da d\u00e9cada de 1960).<\/p><\/div>\n<div id=\"attachment_24887\" style=\"width: 310px\" class=\"wp-caption aligncenter\"><a href=\"http:\/\/www.r2cpress.com.br\/v1\/wp-content\/uploads\/1028.jpg\"><img aria-describedby=\"caption-attachment-24887\" loading=\"lazy\" src=\"http:\/\/www.r2cpress.com.br\/v1\/wp-content\/uploads\/1028-300x202.jpg\" alt=\"\" title=\"Uma ala do SHOPPING CENTER CARIRI em JUAZEIRO DO NORTE (Foto: 31-07-2011).\" width=\"300\" height=\"202\" class=\"size-medium wp-image-24887\" srcset=\"https:\/\/www.r2cpress.com.br\/v1\/wp-content\/uploads\/1028-300x202.jpg 300w, https:\/\/www.r2cpress.com.br\/v1\/wp-content\/uploads\/1028.jpg 874w\" sizes=\"(max-width: 300px) 100vw, 300px\" \/><\/a><p id=\"caption-attachment-24887\" class=\"wp-caption-text\">Uma ala do SHOPPING CENTER CARIRI em JUAZEIRO DO NORTE (Foto: 31-07-2011).<\/p><\/div>\n<div id=\"attachment_24888\" style=\"width: 310px\" class=\"wp-caption aligncenter\"><a href=\"http:\/\/www.r2cpress.com.br\/v1\/wp-content\/uploads\/1130.jpg\"><img aria-describedby=\"caption-attachment-24888\" loading=\"lazy\" src=\"http:\/\/www.r2cpress.com.br\/v1\/wp-content\/uploads\/1130-300x198.jpg\" alt=\"\" title=\"EST\u00c1TUA DO PADRE C\u00cdCERO na noite de inaugura\u00e7\u00e3o da nova pintura e ilumina\u00e7\u00e3o em comemora\u00e7\u00e3o ao CENTEN\u00c1RIO DE JUAZEIRO DO NORTE. (Foto: 21-07-2011).\" width=\"300\" height=\"198\" class=\"size-medium wp-image-24888\" srcset=\"https:\/\/www.r2cpress.com.br\/v1\/wp-content\/uploads\/1130-300x198.jpg 300w, https:\/\/www.r2cpress.com.br\/v1\/wp-content\/uploads\/1130.jpg 886w\" sizes=\"(max-width: 300px) 100vw, 300px\" \/><\/a><p id=\"caption-attachment-24888\" class=\"wp-caption-text\">EST\u00c1TUA DO PADRE C\u00cdCERO na noite de inaugura\u00e7\u00e3o da nova pintura e ilumina\u00e7\u00e3o em comemora\u00e7\u00e3o ao CENTEN\u00c1RIO DE JUAZEIRO DO NORTE. (Foto: 21-07-2011).<\/p><\/div>\n<div id=\"attachment_24889\" style=\"width: 310px\" class=\"wp-caption aligncenter\"><a href=\"http:\/\/www.r2cpress.com.br\/v1\/wp-content\/uploads\/1225.jpg\"><img aria-describedby=\"caption-attachment-24889\" loading=\"lazy\" src=\"http:\/\/www.r2cpress.com.br\/v1\/wp-content\/uploads\/1225-300x200.jpg\" alt=\"\" title=\"Celebra\u00e7\u00e3o da MISSA DO CENTEN\u00c1RIO DE JUAZEIRO DO NORTE. Aparece no centro da foto, da esquerda para direita, DOM MAURO MONTAGNOLI (Bispo de Ilh\u00e9us) e DOM FERNANDO PANICO (Bispo do Crato). (Foto: Bas\u00edlica Menor de Nossa Senhora das Dores, 22-07-2011).\" width=\"300\" height=\"200\" class=\"size-medium wp-image-24889\" srcset=\"https:\/\/www.r2cpress.com.br\/v1\/wp-content\/uploads\/1225-300x200.jpg 300w, https:\/\/www.r2cpress.com.br\/v1\/wp-content\/uploads\/1225.jpg 883w\" sizes=\"(max-width: 300px) 100vw, 300px\" \/><\/a><p id=\"caption-attachment-24889\" class=\"wp-caption-text\">Celebra\u00e7\u00e3o da MISSA DO CENTEN\u00c1RIO DE JUAZEIRO DO NORTE. Aparece no centro da foto, da esquerda para direita, DOM MAURO MONTAGNOLI (Bispo de Ilh\u00e9us) e DOM FERNANDO PANICO (Bispo do Crato). (Foto: Bas\u00edlica Menor de Nossa Senhora das Dores, 22-07-2011).<\/p><\/div>\n<p><center>E NO MAIS&#8230;<\/center><\/p>\n<div id=\"attachment_24890\" style=\"width: 310px\" class=\"wp-caption aligncenter\"><a href=\"http:\/\/www.r2cpress.com.br\/v1\/wp-content\/uploads\/1319.jpg\"><img aria-describedby=\"caption-attachment-24890\" loading=\"lazy\" src=\"http:\/\/www.r2cpress.com.br\/v1\/wp-content\/uploads\/1319-300x200.jpg\" alt=\"\" title=\"CALMA MEUS AMIGOS! \u00c9 apenas JOS\u00c9 LEITE posando com 2 amigos da gloriosa POL\u00cdCIA MILITAR DA BAHIA. (Foto: 26-08-2011)\" width=\"300\" height=\"200\" class=\"size-medium wp-image-24890\" srcset=\"https:\/\/www.r2cpress.com.br\/v1\/wp-content\/uploads\/1319-300x200.jpg 300w, https:\/\/www.r2cpress.com.br\/v1\/wp-content\/uploads\/1319.jpg 865w\" sizes=\"(max-width: 300px) 100vw, 300px\" \/><\/a><p id=\"caption-attachment-24890\" class=\"wp-caption-text\">CALMA MEUS AMIGOS! \u00c9 apenas JOS\u00c9 LEITE posando com 2 amigos da gloriosa POL\u00cdCIA MILITAR DA BAHIA. (Foto: 26-08-2011)<\/p><\/div>\n<p>&#8212;<br \/>\nTexto e fotos: Jos\u00e9 Leite de Souza<br \/>\njleitesouza@hotmail.com<\/p>\n","protected":false},"excerpt":{"rendered":"<p>1) A VISITA DE GALV\u00c3O BUENO \u00c0 ILH\u00c9US 2) AS FOTOS DESTAQUES DA SEMANA<\/p>\n","protected":false},"author":2,"featured_media":0,"comment_status":"open","ping_status":"open","sticky":false,"template":"","format":"standard","meta":{"_links_to":"","_links_to_target":""},"categories":[10],"tags":[],"_links":{"self":[{"href":"https:\/\/www.r2cpress.com.br\/v1\/wp-json\/wp\/v2\/posts\/24875"}],"collection":[{"href":"https:\/\/www.r2cpress.com.br\/v1\/wp-json\/wp\/v2\/posts"}],"about":[{"href":"https:\/\/www.r2cpress.com.br\/v1\/wp-json\/wp\/v2\/types\/post"}],"author":[{"embeddable":true,"href":"https:\/\/www.r2cpress.com.br\/v1\/wp-json\/wp\/v2\/users\/2"}],"replies":[{"embeddable":true,"href":"https:\/\/www.r2cpress.com.br\/v1\/wp-json\/wp\/v2\/comments?post=24875"}],"version-history":[{"count":2,"href":"https:\/\/www.r2cpress.com.br\/v1\/wp-json\/wp\/v2\/posts\/24875\/revisions"}],"predecessor-version":[{"id":24892,"href":"https:\/\/www.r2cpress.com.br\/v1\/wp-json\/wp\/v2\/posts\/24875\/revisions\/24892"}],"wp:attachment":[{"href":"https:\/\/www.r2cpress.com.br\/v1\/wp-json\/wp\/v2\/media?parent=24875"}],"wp:term":[{"taxonomy":"category","embeddable":true,"href":"https:\/\/www.r2cpress.com.br\/v1\/wp-json\/wp\/v2\/categories?post=24875"},{"taxonomy":"post_tag","embeddable":true,"href":"https:\/\/www.r2cpress.com.br\/v1\/wp-json\/wp\/v2\/tags?post=24875"}],"curies":[{"name":"wp","href":"https:\/\/api.w.org\/{rel}","templated":true}]}}