{"id":24893,"date":"2011-09-23T14:46:23","date_gmt":"2011-09-23T17:46:23","guid":{"rendered":"http:\/\/www.r2cpress.com.br\/v1\/?p=24893"},"modified":"2011-09-23T14:46:23","modified_gmt":"2011-09-23T17:46:23","slug":"jorge-amorim-vai-sacudir-a-noite-no-bataclan","status":"publish","type":"post","link":"https:\/\/www.r2cpress.com.br\/v1\/2011\/09\/23\/jorge-amorim-vai-sacudir-a-noite-no-bataclan\/","title":{"rendered":"Jorge Amorim vai SACUDIR a noite, no Bataclan"},"content":{"rendered":"<div><span style=\"font-family: Calibri;\">Ao lado d\u2019OQUADRO Instrumental, o ilheense Jorge Amorim promete sacolejar a noite do dia 24, s\u00e1bado, com sua m\u00fasica genuinamente baiana, que mistura o samba, jazz e o afrobeat.<\/span><\/div>\n<div><\/div>\n<div><\/div>\n<div><\/div>\n<div><\/div>\n<div><strong><span style=\"font-family: Calibri;\"><img loading=\"lazy\" class=\"alignright\" src=\"http:\/\/www.r2cpress.com.br\/v1\/wp-content\/uploads\/annakarenina-em-preto1.jpg\" alt=\"\" width=\"300\" height=\"95\" \/>Por Anna Karenina<\/span><\/strong><\/div>\n<div><span style=\"font-family: Calibri;\">Cada vez mais o palco do Bataclan, em Ilh\u00e9us, vem esquentando as noites e abrindo espa\u00e7o para nossa cultura atrav\u00e9s do projeto OQUADRO Instrumental, com a apresenta\u00e7\u00e3o de artistas regionais. Nesta quinta edi\u00e7\u00e3o, o convidado \u00e9 Jorge Amorim, diretor musical, violonista, cantor e compositor, que se apresentar\u00e1 com os m\u00fasicos d\u2019OQUADRO neste s\u00e1bado (24), com direito a muitos improvisos de afrobeats e afrosambas, a partir das 20:30 hs. Esta iniciativa \u00e9 do Coletivo Prumo em parceria com a administra\u00e7\u00e3o do Bataclan.<\/span><\/div>\n<div><span style=\"font-family: Calibri;\">Natural de Ilh\u00e9us, mas cidad\u00e3o do mundo, Jorge Amorim iniciou seu of\u00edcio desde a meninice. Com fortes influ\u00eancias do afrobeat de Fela Kuti, espalhou seus dedilhados e timbres por Paris, onde morou, e por toda Europa e em pa\u00edses de outros continentes, como o Jap\u00e3o e Canad\u00e1. \u00a0O momento cultural que Ilh\u00e9us experimenta hoje \u00e9 sem d\u00favidas uma excelente oportunidade para que as gera\u00e7\u00f5es presentes e as que est\u00e3o chegando, conhe\u00e7am e desfrutem das riquezas art\u00edsticas de sua terra. \u201cEssa noite vai ser de \u2018entortar o rabo do tat\u00fa\u2019, sonzeira garantida&#8221;, \u00e9 o que afirma Ric\u00f4 Barreto, baixista d\u2019OQUADRO e integrante do Coletivo Prumo.<\/span><\/div>\n<div><\/div>\n<div><\/div>\n<div><\/div>\n<div><\/div>\n<div><\/div>\n<div><\/div>\n<div><strong><span style=\"font-family: Calibri;\">Jorge Amorim<\/span><\/strong><\/div>\n<div><span style=\"font-family: Calibri;\">Viveu em Paris h\u00e1 mais de 27 anos, onde exerceu e amadureceu sua arte com shows em renomados espa\u00e7os culturais, pr\u00f3prio de um curr\u00edculo admir\u00e1vel. Apresentou-se em lugares como o Museu do Louvre no espa\u00e7o \u201cLe Saut Du Loup\u201d, clubes como Sunset, Satelit Caf\u00e9, Bais\u00e9 Sal\u00e9, Glaz\u2019art, Le Reservoir, La Java, Favela Chic, Le Discophage, casas de shows como Le Bataclan, La Coupole, L\u2019Olympia, Centre George Pompidou, e nos principais teatros parisienses.<\/span><\/div>\n<div><span style=\"font-family: Calibri;\">As apresenta\u00e7\u00f5es, solos e muitas vezes em parceria com diversos artistas traduzem como Amorim expandiu sua m\u00fasica, interagiu e participou de enriquecedoras experi\u00eancias, como em Paris com o grupo \u201cTupi Nag\u00f4\u201d; de 2001 a 2007 participou como cantor e violonista nas turn\u00eas pelo Jap\u00e3o da cantora Cl\u00e9mentine atrav\u00e9s dos projetos da rede \u201cBlue Notes\u201d; dirigiu, cantou e tocou em shows da cantora Nazar\u00e9 Pereira em Paris, como tamb\u00e9m na Su\u00ed\u00e7a, Alemanha, It\u00e1lia, Portugal, dentre outros pa\u00edses europeus e da Am\u00e9rica, como o Canad\u00e1; participou como backingvocal na grava\u00e7\u00e3o do primeiro \u00e1lbum solo \u201cAlfabetagamatizado\u201d de Carlinhos Brown; dirigiu o \u00e1lbum \u201cSamba pelo Avesso\u201d da cantora e compositora Carolina Ferrer (2010), no Rio de Janeiro.<\/span><\/div>\n<div><\/div>\n<div><span style=\"font-family: Calibri;\"><strong>Afrobeat<\/strong> \u00e9 uma combina\u00e7\u00e3o de m\u00fasica yorub\u00e1, jazz, highlife, funk e ritmos, fundido com percuss\u00e3o africana e estilos vocais.<\/span><\/div>\n","protected":false},"excerpt":{"rendered":"<p>Ao lado d\u2019OQUADRO Instrumental, o ilheense Jorge Amorim promete sacolejar a noite do dia 24, s\u00e1bado, com sua m\u00fasica genuinamente baiana, que mistura o samba, jazz e o afrobeat. Por Anna Karenina Cada vez mais o palco do Bataclan, em Ilh\u00e9us, vem esquentando as noites e abrindo espa\u00e7o para nossa cultura atrav\u00e9s do projeto OQUADRO [&hellip;]<\/p>\n","protected":false},"author":2,"featured_media":0,"comment_status":"open","ping_status":"open","sticky":false,"template":"","format":"standard","meta":{"_links_to":"","_links_to_target":""},"categories":[5],"tags":[],"_links":{"self":[{"href":"https:\/\/www.r2cpress.com.br\/v1\/wp-json\/wp\/v2\/posts\/24893"}],"collection":[{"href":"https:\/\/www.r2cpress.com.br\/v1\/wp-json\/wp\/v2\/posts"}],"about":[{"href":"https:\/\/www.r2cpress.com.br\/v1\/wp-json\/wp\/v2\/types\/post"}],"author":[{"embeddable":true,"href":"https:\/\/www.r2cpress.com.br\/v1\/wp-json\/wp\/v2\/users\/2"}],"replies":[{"embeddable":true,"href":"https:\/\/www.r2cpress.com.br\/v1\/wp-json\/wp\/v2\/comments?post=24893"}],"version-history":[{"count":3,"href":"https:\/\/www.r2cpress.com.br\/v1\/wp-json\/wp\/v2\/posts\/24893\/revisions"}],"predecessor-version":[{"id":24896,"href":"https:\/\/www.r2cpress.com.br\/v1\/wp-json\/wp\/v2\/posts\/24893\/revisions\/24896"}],"wp:attachment":[{"href":"https:\/\/www.r2cpress.com.br\/v1\/wp-json\/wp\/v2\/media?parent=24893"}],"wp:term":[{"taxonomy":"category","embeddable":true,"href":"https:\/\/www.r2cpress.com.br\/v1\/wp-json\/wp\/v2\/categories?post=24893"},{"taxonomy":"post_tag","embeddable":true,"href":"https:\/\/www.r2cpress.com.br\/v1\/wp-json\/wp\/v2\/tags?post=24893"}],"curies":[{"name":"wp","href":"https:\/\/api.w.org\/{rel}","templated":true}]}}