{"id":24897,"date":"2011-09-23T14:58:01","date_gmt":"2011-09-23T17:58:01","guid":{"rendered":"http:\/\/www.r2cpress.com.br\/v1\/?p=24897"},"modified":"2011-09-23T14:58:01","modified_gmt":"2011-09-23T17:58:01","slug":"abrigo-s-vicente-comemora-a-semana-do-idoso-em-ilheus","status":"publish","type":"post","link":"https:\/\/www.r2cpress.com.br\/v1\/2011\/09\/23\/abrigo-s-vicente-comemora-a-semana-do-idoso-em-ilheus\/","title":{"rendered":"ABRIGO S. VICENTE COMEMORA A SEMANA DO IDOSO EM ILH\u00c9US"},"content":{"rendered":"<p>     Uma programa\u00e7\u00e3o especial ser\u00e1 promovida a partir de s\u00e1bado, dia 24, at\u00e9 o dia 1\u00ba de outubro, no Abrigo S\u00e3o Vicente de Paulo de Ilh\u00e9us, para comemorar a Semana do Idoso, tendo como tema central \u201cS\u00e3o Vicente de Paulo, exemplo de caridade e de f\u00e9\u201d. A abertura do evento acontecer\u00e1 \u00e0s 17 horas, com a celebra\u00e7\u00e3o de uma missa e in\u00edcio do tr\u00edduo em Homenagem a S\u00e3o Vicente, contando com a participa\u00e7\u00e3o especial da Banda de M\u00fasica da Policia Militar. <\/p>\n<p>    No dia 25, domingo, a partir das 14 horas, haver\u00e1 tarde de louvor, com Sim\u00e3o e equipe, e apresenta\u00e7\u00e3o da fanfarra do Col\u00e9gio Estadual Paulo Am\u00e9rico. Na segunda-feira, a partir do mesmo hor\u00e1rio, os idosos ter\u00e3o uma apresenta\u00e7\u00e3o musical do cantor Tinho Gomes e convidados, e na ter\u00e7a-feira, a partir das 14h30min, ser\u00e1 a vez do Coral dos Servidores da Ceplac e dos cantores Nozinho e Abdias.<\/p>\n<p>   No dia 28, quarta-feira, \u00e0s 14 horas, os shows ser\u00e3o dos cantores Louzedes e S\u00e9rgio Bulh\u00f5es, e da banda afro Dilazenze, e na quinta-feira, os cantores Amanda Andrade e Alex Costa e o Ballet Conex\u00e3o. Ainda no dia 29, acontecer\u00e1 no audit\u00f3rio da Faculdade de Ilh\u00e9us, a partir das 13h30min, o I Semin\u00e1rio de Aten\u00e7\u00e3o \u00e0 Sa\u00fade do Idoso, coordenado pela professora e enfermeira Maria Am\u00e9lia Farias. <\/p>\n<p>Na sexta-feira, tamb\u00e9m a partir das 14 horas, se apresentar\u00e3o a academia de dan\u00e7a SoanneMarry, o Coral da Universidade da Terceira Idade (Unati\/UESC) e a fanfarra do Instituto Municipal de Educa\u00e7\u00e3o (IME). No s\u00e1bado, no mesmo hor\u00e1rio, as atra\u00e7\u00f5es ser\u00e3o Z\u00e9 Pretinho e Banda, Itassucy, Bebeto e grupos da terceira idade. Todos os dias da festa contar\u00e3o com a presen\u00e7a de convidados e representantes de v\u00e1rias institui\u00e7\u00f5es da cidade. <\/p>\n","protected":false},"excerpt":{"rendered":"<p>Uma programa\u00e7\u00e3o especial ser\u00e1 promovida a partir de s\u00e1bado, dia 24, at\u00e9 o dia 1\u00ba de outubro, no Abrigo S\u00e3o Vicente de Paulo de Ilh\u00e9us, para comemorar a Semana do Idoso, tendo como tema central \u201cS\u00e3o Vicente de Paulo, exemplo de caridade e de f\u00e9\u201d. A abertura do evento acontecer\u00e1 \u00e0s 17 horas, com a [&hellip;]<\/p>\n","protected":false},"author":2,"featured_media":0,"comment_status":"open","ping_status":"open","sticky":false,"template":"","format":"standard","meta":{"_links_to":"","_links_to_target":""},"categories":[28],"tags":[],"_links":{"self":[{"href":"https:\/\/www.r2cpress.com.br\/v1\/wp-json\/wp\/v2\/posts\/24897"}],"collection":[{"href":"https:\/\/www.r2cpress.com.br\/v1\/wp-json\/wp\/v2\/posts"}],"about":[{"href":"https:\/\/www.r2cpress.com.br\/v1\/wp-json\/wp\/v2\/types\/post"}],"author":[{"embeddable":true,"href":"https:\/\/www.r2cpress.com.br\/v1\/wp-json\/wp\/v2\/users\/2"}],"replies":[{"embeddable":true,"href":"https:\/\/www.r2cpress.com.br\/v1\/wp-json\/wp\/v2\/comments?post=24897"}],"version-history":[{"count":2,"href":"https:\/\/www.r2cpress.com.br\/v1\/wp-json\/wp\/v2\/posts\/24897\/revisions"}],"predecessor-version":[{"id":24899,"href":"https:\/\/www.r2cpress.com.br\/v1\/wp-json\/wp\/v2\/posts\/24897\/revisions\/24899"}],"wp:attachment":[{"href":"https:\/\/www.r2cpress.com.br\/v1\/wp-json\/wp\/v2\/media?parent=24897"}],"wp:term":[{"taxonomy":"category","embeddable":true,"href":"https:\/\/www.r2cpress.com.br\/v1\/wp-json\/wp\/v2\/categories?post=24897"},{"taxonomy":"post_tag","embeddable":true,"href":"https:\/\/www.r2cpress.com.br\/v1\/wp-json\/wp\/v2\/tags?post=24897"}],"curies":[{"name":"wp","href":"https:\/\/api.w.org\/{rel}","templated":true}]}}