{"id":24960,"date":"2011-09-25T20:52:13","date_gmt":"2011-09-25T23:52:13","guid":{"rendered":"http:\/\/www.r2cpress.com.br\/v1\/?p=24960"},"modified":"2011-09-25T20:52:13","modified_gmt":"2011-09-25T23:52:13","slug":"comunicado-importante","status":"publish","type":"post","link":"https:\/\/www.r2cpress.com.br\/v1\/2011\/09\/25\/comunicado-importante\/","title":{"rendered":"COMUNICADO IMPORTANTE"},"content":{"rendered":"<p><strong>Caros Fazedores da Cultura Ilheense e demais interessados,<\/strong><\/p>\n<p><em>Em Assembl\u00e9ia na manh\u00e3 de 25 de Setembro, durante a II Confer\u00eancia Municipal de Cultura, ficou decidido que o tempo era ex\u00edguo para as discuss\u00f5es dos Seis Eixos propostos pela Confer\u00eancia Estadual e que a n\u00e3o participa\u00e7\u00e3o da C\u00e2mara Tem\u00e1tica Ind\u00edgena tamb\u00e9m prejudicaria a cria\u00e7\u00e3o do Plano Municipal de Cultura. Afinal, iremos planejar nossas a\u00e7\u00f5es para os pr\u00f3ximos dez anos!<\/em><\/p>\n<div><em><br \/>\n<\/em><\/div>\n<div><em>Assim sendo, os participantes da Confer\u00eancia decidiram dar continuidade \u00e0s discuss\u00f5es e ao debate, impreterivelmente, nos dias 28 e 29, pr\u00f3ximas quarta e quinta-feira, a partir das 18h30, na Academia de Letras de Ilh\u00e9us.<\/em><\/div>\n<div><em><br \/>\n<\/em><\/div>\n<div><em>Todos entenderam que a oportunidade \u00e9 impar e que ningu\u00e9m pode ficar fora deste processo.<\/em><\/div>\n<div><em><br \/>\n<\/em><\/div>\n<div><em>Esperamos contar com todos para finalizarmos, em cada eixo, as tr\u00eas propostas de Projetos Municipais e uma territorial.<\/em><\/div>\n<div>Atenciosamente,<\/div>\n<div>Funda\u00e7\u00e3o Cultural de Ilh\u00e9us<\/div>\n<div>Conselho Municipal de Cultura<\/div>\n<div>Instituto Hist\u00f3rico e Geogr\u00e1fico de Ilh\u00e9us<\/div>\n<div>Biblioteca P\u00fablica Adonias Filho<\/div>\n<div>Casa dos Artistas<\/div>\n<div>Academia de Letras de Ilh\u00e9us<\/div>\n<div>Participantes<\/div>\n","protected":false},"excerpt":{"rendered":"<p>Caros Fazedores da Cultura Ilheense e demais interessados, Em Assembl\u00e9ia na manh\u00e3 de 25 de Setembro, durante a II Confer\u00eancia Municipal de Cultura, ficou decidido que o tempo era ex\u00edguo para as discuss\u00f5es dos Seis Eixos propostos pela Confer\u00eancia Estadual e que a n\u00e3o participa\u00e7\u00e3o da C\u00e2mara Tem\u00e1tica Ind\u00edgena tamb\u00e9m prejudicaria a cria\u00e7\u00e3o do Plano [&hellip;]<\/p>\n","protected":false},"author":2,"featured_media":0,"comment_status":"open","ping_status":"open","sticky":false,"template":"","format":"standard","meta":{"_links_to":"","_links_to_target":""},"categories":[5],"tags":[],"_links":{"self":[{"href":"https:\/\/www.r2cpress.com.br\/v1\/wp-json\/wp\/v2\/posts\/24960"}],"collection":[{"href":"https:\/\/www.r2cpress.com.br\/v1\/wp-json\/wp\/v2\/posts"}],"about":[{"href":"https:\/\/www.r2cpress.com.br\/v1\/wp-json\/wp\/v2\/types\/post"}],"author":[{"embeddable":true,"href":"https:\/\/www.r2cpress.com.br\/v1\/wp-json\/wp\/v2\/users\/2"}],"replies":[{"embeddable":true,"href":"https:\/\/www.r2cpress.com.br\/v1\/wp-json\/wp\/v2\/comments?post=24960"}],"version-history":[{"count":3,"href":"https:\/\/www.r2cpress.com.br\/v1\/wp-json\/wp\/v2\/posts\/24960\/revisions"}],"predecessor-version":[{"id":24963,"href":"https:\/\/www.r2cpress.com.br\/v1\/wp-json\/wp\/v2\/posts\/24960\/revisions\/24963"}],"wp:attachment":[{"href":"https:\/\/www.r2cpress.com.br\/v1\/wp-json\/wp\/v2\/media?parent=24960"}],"wp:term":[{"taxonomy":"category","embeddable":true,"href":"https:\/\/www.r2cpress.com.br\/v1\/wp-json\/wp\/v2\/categories?post=24960"},{"taxonomy":"post_tag","embeddable":true,"href":"https:\/\/www.r2cpress.com.br\/v1\/wp-json\/wp\/v2\/tags?post=24960"}],"curies":[{"name":"wp","href":"https:\/\/api.w.org\/{rel}","templated":true}]}}