{"id":24964,"date":"2011-09-25T20:54:50","date_gmt":"2011-09-25T23:54:50","guid":{"rendered":"http:\/\/www.r2cpress.com.br\/v1\/?p=24964"},"modified":"2011-09-25T20:54:50","modified_gmt":"2011-09-25T23:54:50","slug":"buzina-irritante","status":"publish","type":"post","link":"https:\/\/www.r2cpress.com.br\/v1\/2011\/09\/25\/buzina-irritante\/","title":{"rendered":"Buzina Irritante"},"content":{"rendered":"<p>De: Nesildo <nesildo @hotmail.com><br \/>\nAssunto: Buzina Irritante<\/p>\n<p>Corpo da mensagem:<br \/>\nBuzina Irritante<br \/>\nGostaria de saber de algum jurista ou entendedor de leis se \u00e9 permitido um vendedor de tempero sair pelas ruas do bairro Hernani S\u00e1 em seu carrinho com uma buzina de ar, principalmente nos domingos e feriados pela manh\u00e3, aquela buzina que os grandes caminh\u00f5es utilizam para assustar as pessoas nas estradas. Ao qual o mesmo aciona esta buzina em uma  \u00fanica rua por varias vezes n\u00e3o importando se vai incomodar  ou n\u00e3o a lei do silencio, este vendedor \u00e9 conhecido no nosso bairro como Baixinho e \u00e9 morador das imedia\u00e7\u00f5es do Bairro Parque Infantil,. No nosso bairro temos uma Associa\u00e7\u00e3o, onde gostaria de saber atrav\u00e9s do seu presidente e diretores qual seriam as suas posi\u00e7\u00f5es referente ao assunto acima, n\u00e3o sou contra ele vender o tempero em nosso bairro, mas sim a maneira que o mesmo utiliza para anunciar a sua chegada nas ruas, incomodando principalmente as fam\u00edlias que tem crian\u00e7a rec\u00e9m nascida e aquelas que gostam nestes dias de  acordar mais tarde.<\/p>\n<p>Nesildo<\/p>\n<p>&#8212;<br \/>\nEsta mensagem foi enviada atrav\u00e9s do formul\u00e1rio de contato do site R2CPRESS | A Letra Fria da Verdade http:\/\/www.r2cpress.com.br\/v1<\/nesildo><\/p>\n","protected":false},"excerpt":{"rendered":"<p>De: Nesildo Assunto: Buzina Irritante Corpo da mensagem: Buzina Irritante Gostaria de saber de algum jurista ou entendedor de leis se \u00e9 permitido um vendedor de tempero sair pelas ruas do bairro Hernani S\u00e1 em seu carrinho com uma buzina de ar, principalmente nos domingos e feriados pela manh\u00e3, aquela buzina que os grandes caminh\u00f5es [&hellip;]<\/p>\n","protected":false},"author":2,"featured_media":0,"comment_status":"open","ping_status":"open","sticky":false,"template":"","format":"standard","meta":{"_links_to":"","_links_to_target":""},"categories":[10],"tags":[],"_links":{"self":[{"href":"https:\/\/www.r2cpress.com.br\/v1\/wp-json\/wp\/v2\/posts\/24964"}],"collection":[{"href":"https:\/\/www.r2cpress.com.br\/v1\/wp-json\/wp\/v2\/posts"}],"about":[{"href":"https:\/\/www.r2cpress.com.br\/v1\/wp-json\/wp\/v2\/types\/post"}],"author":[{"embeddable":true,"href":"https:\/\/www.r2cpress.com.br\/v1\/wp-json\/wp\/v2\/users\/2"}],"replies":[{"embeddable":true,"href":"https:\/\/www.r2cpress.com.br\/v1\/wp-json\/wp\/v2\/comments?post=24964"}],"version-history":[{"count":2,"href":"https:\/\/www.r2cpress.com.br\/v1\/wp-json\/wp\/v2\/posts\/24964\/revisions"}],"predecessor-version":[{"id":24966,"href":"https:\/\/www.r2cpress.com.br\/v1\/wp-json\/wp\/v2\/posts\/24964\/revisions\/24966"}],"wp:attachment":[{"href":"https:\/\/www.r2cpress.com.br\/v1\/wp-json\/wp\/v2\/media?parent=24964"}],"wp:term":[{"taxonomy":"category","embeddable":true,"href":"https:\/\/www.r2cpress.com.br\/v1\/wp-json\/wp\/v2\/categories?post=24964"},{"taxonomy":"post_tag","embeddable":true,"href":"https:\/\/www.r2cpress.com.br\/v1\/wp-json\/wp\/v2\/tags?post=24964"}],"curies":[{"name":"wp","href":"https:\/\/api.w.org\/{rel}","templated":true}]}}