{"id":24972,"date":"2011-09-25T21:10:26","date_gmt":"2011-09-26T00:10:26","guid":{"rendered":"http:\/\/www.r2cpress.com.br\/v1\/?p=24972"},"modified":"2011-09-25T21:10:26","modified_gmt":"2011-09-26T00:10:26","slug":"divulgacao-de-evento","status":"publish","type":"post","link":"https:\/\/www.r2cpress.com.br\/v1\/2011\/09\/25\/divulgacao-de-evento\/","title":{"rendered":"Divulga\u00e7\u00e3o de Evento"},"content":{"rendered":"<p>De: Maria das Gra\u00e7as Concei\u00e7\u00e3o Parada Costa Silva <gracaparada @ceplac.gov.br><br \/>\nAssunto: Divulga\u00e7\u00e3o de Evento<\/p>\n<p>Corpo da mensagem:<br \/>\nIlhe\u00fas sediar\u00e1 o I Simp\u00f3sio Brasileiro da Pupunheira, palmeira que produz o palmito pupunha, no per\u00edodo de 27 a 30 de setembro de 2011, no Centro de Conven\u00e7\u00f5es Luiz Eduardo magalh\u00e3es. Trata-se de um encontro t\u00e9cnico que visa reunir os profissionais das diversas \u00e1reas das ci\u00eancias agr\u00e1rias, empres\u00e1rios, agroindustriais, produtores rurais, estudantes e outros interessados no agroneg\u00f3cio pupunha, cuja finalidade \u00e9 transferir conhecimentos cient\u00edficos e tecnol\u00f3gicos sobre a esp\u00e9cie, divulgar o fruto pupunha como alternativa para alimenta\u00e7\u00e3o humana e ra\u00e7\u00e3o animal e fortalecer o agroneg\u00f3cio palmito pupunha na regi\u00e3o.<\/p>\n<p>Ser\u00e3o apresentados 8 Mesas Redondas, palestras, Apresenta\u00e7\u00f5es orais, apresenta\u00e7\u00f5es  de p\u00f4steres, onde ser\u00e3o tratados temas sobre palmito, frutos, madeira do estipe (caule) da pupunheira e ainda sobre a legisla\u00e7\u00e3o para importa\u00e7\u00e3o de sementes de pupunha, pelo Dr. C\u00f3sam Coutinho, diretor do Departamanto de Sanidade Vegetal do MAPA. A Mesa Redonda com os produtores, ter\u00e1 como moderador, Dr. Eduardo Sales, Secret\u00e1rio de Agricultura, juntamente com Dr. Adonias, Chefe do Cepec. Ser\u00e1 lan\u00e7ado um livro por um  pesquisador da Embrapa, intitulado, Palmeiras para produ\u00e7\u00e3o de Plamito. Ainda, 20 estandes ser\u00e3o instalados no Hall, que compor\u00e3o a Feira de Produtos e Servi\u00e7os, onde poder\u00e1 ser degustado o palmito, pratos elaborados com o fruto pupunha, inclusive o vatap\u00e1 de pupunha e sem dend\u00ea e alguns produtos confeccionados com a madeira. Em fim, muitas novidades ser\u00e3o apresentadas sobre essa ep\u00e9cie que como o cacau, chegou na Bahia para ficar e gerar dividendos para a regi\u00e3o.<br \/>\nMiores detalhes no link:<br \/>\nhttp:\/\/www.ceplac.gov.br\/paginas\/pupunheira\/pupunheira.asp<\/p>\n<p>&#8212;<br \/>\nEsta mensagem foi enviada atrav\u00e9s do formul\u00e1rio de contato do site R2CPRESS | A Letra Fria da Verdade http:\/\/www.r2cpress.com.br\/v1<br \/>\n<\/gracaparada><\/p>\n","protected":false},"excerpt":{"rendered":"<p>De: Maria das Gra\u00e7as Concei\u00e7\u00e3o Parada Costa Silva Assunto: Divulga\u00e7\u00e3o de Evento Corpo da mensagem: Ilhe\u00fas sediar\u00e1 o I Simp\u00f3sio Brasileiro da Pupunheira, palmeira que produz o palmito pupunha, no per\u00edodo de 27 a 30 de setembro de 2011, no Centro de Conven\u00e7\u00f5es Luiz Eduardo magalh\u00e3es. Trata-se de um encontro t\u00e9cnico que visa reunir os [&hellip;]<\/p>\n","protected":false},"author":2,"featured_media":0,"comment_status":"open","ping_status":"open","sticky":false,"template":"","format":"standard","meta":{"_links_to":"","_links_to_target":""},"categories":[10],"tags":[],"_links":{"self":[{"href":"https:\/\/www.r2cpress.com.br\/v1\/wp-json\/wp\/v2\/posts\/24972"}],"collection":[{"href":"https:\/\/www.r2cpress.com.br\/v1\/wp-json\/wp\/v2\/posts"}],"about":[{"href":"https:\/\/www.r2cpress.com.br\/v1\/wp-json\/wp\/v2\/types\/post"}],"author":[{"embeddable":true,"href":"https:\/\/www.r2cpress.com.br\/v1\/wp-json\/wp\/v2\/users\/2"}],"replies":[{"embeddable":true,"href":"https:\/\/www.r2cpress.com.br\/v1\/wp-json\/wp\/v2\/comments?post=24972"}],"version-history":[{"count":2,"href":"https:\/\/www.r2cpress.com.br\/v1\/wp-json\/wp\/v2\/posts\/24972\/revisions"}],"predecessor-version":[{"id":24974,"href":"https:\/\/www.r2cpress.com.br\/v1\/wp-json\/wp\/v2\/posts\/24972\/revisions\/24974"}],"wp:attachment":[{"href":"https:\/\/www.r2cpress.com.br\/v1\/wp-json\/wp\/v2\/media?parent=24972"}],"wp:term":[{"taxonomy":"category","embeddable":true,"href":"https:\/\/www.r2cpress.com.br\/v1\/wp-json\/wp\/v2\/categories?post=24972"},{"taxonomy":"post_tag","embeddable":true,"href":"https:\/\/www.r2cpress.com.br\/v1\/wp-json\/wp\/v2\/tags?post=24972"}],"curies":[{"name":"wp","href":"https:\/\/api.w.org\/{rel}","templated":true}]}}