{"id":25072,"date":"2011-09-27T15:00:50","date_gmt":"2011-09-27T18:00:50","guid":{"rendered":"http:\/\/www.r2cpress.com.br\/v1\/?p=25072"},"modified":"2011-09-27T15:00:50","modified_gmt":"2011-09-27T18:00:50","slug":"segunda-etapa-da-conferencia-de-cultura-sera-nesta-quarta-e-quinta","status":"publish","type":"post","link":"https:\/\/www.r2cpress.com.br\/v1\/2011\/09\/27\/segunda-etapa-da-conferencia-de-cultura-sera-nesta-quarta-e-quinta\/","title":{"rendered":"Segunda etapa da Confer\u00eancia de Cultura ser\u00e1 nesta quarta e quinta"},"content":{"rendered":"<p>A segunda etapa da II Confer\u00eancia Municipal de Cultura de Ilh\u00e9us ser\u00e1 nesta quarta e quinta (28 e 29), na Academia de Letras de Ilh\u00e9us, \u00e0s 18:30h, com a realiza\u00e7\u00e3o dos Grupos de Trabalho\/Eixos Tem\u00e1ticos. As atividades foram iniciadas nos \u00faltimos dias 24 e 25, com a abertura e a leitura e aprova\u00e7\u00e3o do regulamento, respectivamente.<\/p>\n<p>A metodologia da Confer\u00eancia compreende a divis\u00e3o de seis eixos tem\u00e1ticos: Express\u00f5es Art\u00edsticas, mediador Romualdo Lisboa; Patrim\u00f4nio e Mem\u00f3ria, mediador Andr\u00e9 Rosa; Pensamento e Leitura, mediadora Regina Figueroa; Transversalidade da Cultura, mediador Letto Nicolau; Gest\u00e3o da Cultura, mediador Pawlo Cidade; e Sustentabilidade das Redes Produtivas e Servi\u00e7os Criativos, mediador Gerson Marques. Depois de elaborados os projetos para cada eixo, haver\u00e1 a plen\u00e1ria para aprov\u00e1-los e a elei\u00e7\u00e3o de delegados para a etapa Territorial, em outubro. Todos os presentes ter\u00e3o direito a voto.<\/p>\n<p>A Confer\u00eancia serve como instrumento de consulta popular para apontar e planejar as necessidades da popula\u00e7\u00e3o. O campo cultural, em Ilh\u00e9us, tem tido diversos avan\u00e7os em sua sistematiza\u00e7\u00e3o, sendo uma das poucas cidades da Bahia em que o processo se encontra mais avan\u00e7ado. Deste modo, a presen\u00e7a de toda a comunidade ilheense \u00e9 de extrema import\u00e2ncia, j\u00e1 que ser\u00e3o planejadas a\u00e7\u00f5es para os pr\u00f3ximos dez anos que ir\u00e3o compor o Plano Municipal de Cultura.<\/p>\n<p>&nbsp;<\/p>\n","protected":false},"excerpt":{"rendered":"<p>A segunda etapa da II Confer\u00eancia Municipal de Cultura de Ilh\u00e9us ser\u00e1 nesta quarta e quinta (28 e 29), na Academia de Letras de Ilh\u00e9us, \u00e0s 18:30h, com a realiza\u00e7\u00e3o dos Grupos de Trabalho\/Eixos Tem\u00e1ticos. As atividades foram iniciadas nos \u00faltimos dias 24 e 25, com a abertura e a leitura e aprova\u00e7\u00e3o do regulamento, [&hellip;]<\/p>\n","protected":false},"author":2,"featured_media":0,"comment_status":"open","ping_status":"open","sticky":false,"template":"","format":"standard","meta":{"_links_to":"","_links_to_target":""},"categories":[5],"tags":[],"_links":{"self":[{"href":"https:\/\/www.r2cpress.com.br\/v1\/wp-json\/wp\/v2\/posts\/25072"}],"collection":[{"href":"https:\/\/www.r2cpress.com.br\/v1\/wp-json\/wp\/v2\/posts"}],"about":[{"href":"https:\/\/www.r2cpress.com.br\/v1\/wp-json\/wp\/v2\/types\/post"}],"author":[{"embeddable":true,"href":"https:\/\/www.r2cpress.com.br\/v1\/wp-json\/wp\/v2\/users\/2"}],"replies":[{"embeddable":true,"href":"https:\/\/www.r2cpress.com.br\/v1\/wp-json\/wp\/v2\/comments?post=25072"}],"version-history":[{"count":2,"href":"https:\/\/www.r2cpress.com.br\/v1\/wp-json\/wp\/v2\/posts\/25072\/revisions"}],"predecessor-version":[{"id":25074,"href":"https:\/\/www.r2cpress.com.br\/v1\/wp-json\/wp\/v2\/posts\/25072\/revisions\/25074"}],"wp:attachment":[{"href":"https:\/\/www.r2cpress.com.br\/v1\/wp-json\/wp\/v2\/media?parent=25072"}],"wp:term":[{"taxonomy":"category","embeddable":true,"href":"https:\/\/www.r2cpress.com.br\/v1\/wp-json\/wp\/v2\/categories?post=25072"},{"taxonomy":"post_tag","embeddable":true,"href":"https:\/\/www.r2cpress.com.br\/v1\/wp-json\/wp\/v2\/tags?post=25072"}],"curies":[{"name":"wp","href":"https:\/\/api.w.org\/{rel}","templated":true}]}}