{"id":25207,"date":"2011-09-29T12:20:59","date_gmt":"2011-09-29T15:20:59","guid":{"rendered":"http:\/\/www.r2cpress.com.br\/v1\/?p=25207"},"modified":"2011-09-29T12:20:59","modified_gmt":"2011-09-29T15:20:59","slug":"15-anos-do-gacc-sulbahia","status":"publish","type":"post","link":"https:\/\/www.r2cpress.com.br\/v1\/2011\/09\/29\/15-anos-do-gacc-sulbahia\/","title":{"rendered":"15 anos do GACC Sulbahia"},"content":{"rendered":"<p>Caros amigos,<\/p>\n<p>O GACC SUL BAHIA, institui\u00e7\u00e3o sem fins lucrativos que atua no apoio e assist\u00eancia a crian\u00e7as e adolescentes com c\u00e2ncer, completar\u00e1 15 anos de servi\u00e7os prestados \u00e0 comunidade regional.  Sua \u00e1rea de abrang\u00eancia envolve as macros regi\u00f5es de sa\u00fade do sul, extremo sul, sudoeste e parte da regi\u00e3o macro oeste do estado, atendendo ao p\u00fablico que recebe tratamento oncol\u00f3gico pedi\u00e1trico no \u00fanico centro especializado do interior do estado.<\/p>\n<p>\u00c9 neste contexto que o GACC SUL BAHIA se destaca entre as entidades assistenciais loco-regionais. Menos pelo poder de mobiliza\u00e7\u00e3o e sensibiliza\u00e7\u00e3o da causa, mas especialmente pela credibilidade que conquistou ao longo de sua trajet\u00f3ria. Atuando com transpar\u00eancia e com solidez nos resultados obtidos, o GACC \u00e9 hoje s\u00edmbolo de entidade assistencial eficiente.<\/p>\n<p>Por tudo isso \u00e9 que chegar aos 15 anos de atua\u00e7\u00e3o \u00e9 motivo de celebra\u00e7\u00e3o e de agradecimento a toda a comunidade que n\u00e3o apenas contribuiu, mas participou ativamente de cada uma das conquistas do GACC.<\/p>\n<p>E para marcar esta data, o GACC SUL BAHIA promover\u00e1 uma confraterniza\u00e7\u00e3o, na qual contar\u00e1 com a participa\u00e7\u00e3o de autoridades locais e regionais, al\u00e9m da comunidade e do seu p\u00fablico assistido. O objetivo do evento \u00e9 justamente o de promover um momento de celebra\u00e7\u00e3o de conquistas e agradecimento a todos os parceiros, apresentando os frutos do seu trabalho ao longo de sua hist\u00f3ria.<\/p>\n<p>Neste sentido \u00e9 que gostar\u00edamos de contar com a presen\u00e7a dos amigos para abrilhantar este dia t\u00e3o especial.<\/p>\n<div id=\"attachment_25208\" style=\"width: 310px\" class=\"wp-caption aligncenter\"><a href=\"http:\/\/www.r2cpress.com.br\/v1\/wp-content\/uploads\/GACC-15-ANOS.jpg\"><img aria-describedby=\"caption-attachment-25208\" loading=\"lazy\" src=\"http:\/\/www.r2cpress.com.br\/v1\/wp-content\/uploads\/GACC-15-ANOS-300x199.jpg\" alt=\"\" title=\"GACC 15 ANOS\" width=\"300\" height=\"199\" class=\"size-medium wp-image-25208\" srcset=\"https:\/\/www.r2cpress.com.br\/v1\/wp-content\/uploads\/GACC-15-ANOS-300x199.jpg 300w, https:\/\/www.r2cpress.com.br\/v1\/wp-content\/uploads\/GACC-15-ANOS.jpg 680w\" sizes=\"(max-width: 300px) 100vw, 300px\" \/><\/a><p id=\"caption-attachment-25208\" class=\"wp-caption-text\">Clique para AMPLIAR.<\/p><\/div>\n<p>abra\u00e7os,<\/p>\n<p>Fam\u00edlia GACC Sulbahia.<\/p>\n","protected":false},"excerpt":{"rendered":"<p>Caros amigos, O GACC SUL BAHIA, institui\u00e7\u00e3o sem fins lucrativos que atua no apoio e assist\u00eancia a crian\u00e7as e adolescentes com c\u00e2ncer, completar\u00e1 15 anos de servi\u00e7os prestados \u00e0 comunidade regional. Sua \u00e1rea de abrang\u00eancia envolve as macros regi\u00f5es de sa\u00fade do sul, extremo sul, sudoeste e parte da regi\u00e3o macro oeste do estado, atendendo [&hellip;]<\/p>\n","protected":false},"author":2,"featured_media":0,"comment_status":"open","ping_status":"open","sticky":false,"template":"","format":"standard","meta":{"_links_to":"","_links_to_target":""},"categories":[24],"tags":[],"_links":{"self":[{"href":"https:\/\/www.r2cpress.com.br\/v1\/wp-json\/wp\/v2\/posts\/25207"}],"collection":[{"href":"https:\/\/www.r2cpress.com.br\/v1\/wp-json\/wp\/v2\/posts"}],"about":[{"href":"https:\/\/www.r2cpress.com.br\/v1\/wp-json\/wp\/v2\/types\/post"}],"author":[{"embeddable":true,"href":"https:\/\/www.r2cpress.com.br\/v1\/wp-json\/wp\/v2\/users\/2"}],"replies":[{"embeddable":true,"href":"https:\/\/www.r2cpress.com.br\/v1\/wp-json\/wp\/v2\/comments?post=25207"}],"version-history":[{"count":2,"href":"https:\/\/www.r2cpress.com.br\/v1\/wp-json\/wp\/v2\/posts\/25207\/revisions"}],"predecessor-version":[{"id":25210,"href":"https:\/\/www.r2cpress.com.br\/v1\/wp-json\/wp\/v2\/posts\/25207\/revisions\/25210"}],"wp:attachment":[{"href":"https:\/\/www.r2cpress.com.br\/v1\/wp-json\/wp\/v2\/media?parent=25207"}],"wp:term":[{"taxonomy":"category","embeddable":true,"href":"https:\/\/www.r2cpress.com.br\/v1\/wp-json\/wp\/v2\/categories?post=25207"},{"taxonomy":"post_tag","embeddable":true,"href":"https:\/\/www.r2cpress.com.br\/v1\/wp-json\/wp\/v2\/tags?post=25207"}],"curies":[{"name":"wp","href":"https:\/\/api.w.org\/{rel}","templated":true}]}}