{"id":25392,"date":"2011-10-02T09:49:49","date_gmt":"2011-10-02T12:49:49","guid":{"rendered":"http:\/\/www.r2cpress.com.br\/v1\/?p=25392"},"modified":"2011-10-02T09:49:49","modified_gmt":"2011-10-02T12:49:49","slug":"zona-de-rebaixamento","status":"publish","type":"post","link":"https:\/\/www.r2cpress.com.br\/v1\/2011\/10\/02\/zona-de-rebaixamento\/","title":{"rendered":"ZONA DE REBAIXAMENTO"},"content":{"rendered":"<p><a href=\"http:\/\/www.r2cpress.com.br\/v1\/wp-content\/uploads\/Z\u00c9-CARLOS-VASCO_INTEIRO.jpg\"><img loading=\"lazy\" src=\"http:\/\/www.r2cpress.com.br\/v1\/wp-content\/uploads\/Z\u00c9-CARLOS-VASCO_INTEIRO.jpg\" alt=\"\" title=\"Z\u00c9 CARLOS VASCO_INTEIRO\" width=\"200\" height=\"348\" class=\"alignleft size-full wp-image-25393\" srcset=\"https:\/\/www.r2cpress.com.br\/v1\/wp-content\/uploads\/Z\u00c9-CARLOS-VASCO_INTEIRO.jpg 200w, https:\/\/www.r2cpress.com.br\/v1\/wp-content\/uploads\/Z\u00c9-CARLOS-VASCO_INTEIRO-172x300.jpg 172w\" sizes=\"(max-width: 200px) 100vw, 200px\" \/><\/a>Veja a situa\u00e7\u00e3o do nosso time, batendo na zona de rebaixamento e sacramentando a ida para a segunda divis\u00e3o.<br \/>\nUm time ruim, sem valores individuais, sem disciplina, um p\u00e9ssimo t\u00e9cnico com 100% de rejei\u00e7\u00e3o da torcida, sem banco de reservas, muitos jogadores fazendo corpo mole, muita grana rolando e pouqu\u00edssimo rendimento, temporada sem brilho desde o \u00faltimo campeonato cujo t\u00e9cnico foi demitido sumariamente, a torcida super insatisfeita com o clube, principalmente com a sua dire\u00e7\u00e3o, querendo mudan\u00e7as de todo o elenco, sem exce\u00e7\u00e3o, para que no pr\u00f3ximo ano se fa\u00e7a um novo time, com novos e preparados jogadores e acima de tudo COM UM T\u00c9CNICO CAPAZ de retornar o clube \u00e0 primeira divis\u00e3o, lugar de onde n\u00e3o deveria ter sa\u00eddo, nunca.<br \/>\nSalvo melhor ju\u00edzo, esta \u00e9 a triste situa\u00e7\u00e3o em que se encontra o time que representa a sofrida cidade de S\u00e3o Jorge dos Ilh\u00e9us.<br \/>\nO t\u00e9cnico, os jogadores e toda a dire\u00e7\u00e3o s\u00e3o demasiadamente do conhecimento de todo o nosso povo.<br \/>\nEst\u00e1 na hora de pichar a sede do clube, pedir a sa\u00edda da turma que pensa que s\u00e3o os melhores jogadores do mundo, fazer uma faxina geral, chega de bagun\u00e7a, esculhamba\u00e7\u00e3o, falta de \u00e9tica, de respeito, de compromisso.<br \/>\nOs torcedores deste grande time <b>I L H \u00c9 U S,<\/b> merecem com urg\u00eancia dias melhores e promissores, s\u00f3 que com este time estamos rumando para a segundona, com muito vexame e vergonha.<\/p>\n<p><b>Z\u00c9CARLOS JUNIOR<\/b><\/p>\n","protected":false},"excerpt":{"rendered":"<p>Veja a situa\u00e7\u00e3o do nosso time, batendo na zona de rebaixamento e sacramentando a ida para a segunda divis\u00e3o. Um time ruim, sem valores individuais, sem disciplina, um p\u00e9ssimo t\u00e9cnico com 100% de rejei\u00e7\u00e3o da torcida, sem banco de reservas, muitos jogadores fazendo corpo mole, muita grana rolando e pouqu\u00edssimo rendimento, temporada sem brilho desde [&hellip;]<\/p>\n","protected":false},"author":2,"featured_media":0,"comment_status":"open","ping_status":"open","sticky":false,"template":"","format":"standard","meta":{"_links_to":"","_links_to_target":""},"categories":[10],"tags":[],"_links":{"self":[{"href":"https:\/\/www.r2cpress.com.br\/v1\/wp-json\/wp\/v2\/posts\/25392"}],"collection":[{"href":"https:\/\/www.r2cpress.com.br\/v1\/wp-json\/wp\/v2\/posts"}],"about":[{"href":"https:\/\/www.r2cpress.com.br\/v1\/wp-json\/wp\/v2\/types\/post"}],"author":[{"embeddable":true,"href":"https:\/\/www.r2cpress.com.br\/v1\/wp-json\/wp\/v2\/users\/2"}],"replies":[{"embeddable":true,"href":"https:\/\/www.r2cpress.com.br\/v1\/wp-json\/wp\/v2\/comments?post=25392"}],"version-history":[{"count":2,"href":"https:\/\/www.r2cpress.com.br\/v1\/wp-json\/wp\/v2\/posts\/25392\/revisions"}],"predecessor-version":[{"id":25395,"href":"https:\/\/www.r2cpress.com.br\/v1\/wp-json\/wp\/v2\/posts\/25392\/revisions\/25395"}],"wp:attachment":[{"href":"https:\/\/www.r2cpress.com.br\/v1\/wp-json\/wp\/v2\/media?parent=25392"}],"wp:term":[{"taxonomy":"category","embeddable":true,"href":"https:\/\/www.r2cpress.com.br\/v1\/wp-json\/wp\/v2\/categories?post=25392"},{"taxonomy":"post_tag","embeddable":true,"href":"https:\/\/www.r2cpress.com.br\/v1\/wp-json\/wp\/v2\/tags?post=25392"}],"curies":[{"name":"wp","href":"https:\/\/api.w.org\/{rel}","templated":true}]}}