{"id":25442,"date":"2011-10-03T11:16:19","date_gmt":"2011-10-03T14:16:19","guid":{"rendered":"http:\/\/www.r2cpress.com.br\/v1\/?p=25442"},"modified":"2011-10-03T11:16:19","modified_gmt":"2011-10-03T14:16:19","slug":"68%c2%aa-cipm-prende-homicida-de-itabuna-por-mandado-judicial","status":"publish","type":"post","link":"https:\/\/www.r2cpress.com.br\/v1\/2011\/10\/03\/68%c2%aa-cipm-prende-homicida-de-itabuna-por-mandado-judicial\/","title":{"rendered":"68\u00aa CIPM PRENDE HOMICIDA DE ITABUNA POR MANDADO JUDICIAL"},"content":{"rendered":"<p><center><strong>POLICIA MILITAR DA BAHIA<br \/>\nCPRS \/ITABUNA<br \/>\n68\u00aa CIPM\/ILH\u00c9US<\/strong><\/center><\/p>\n<p><div id=\"attachment_25443\" style=\"width: 310px\" class=\"wp-caption alignleft\"><a href=\"http:\/\/www.r2cpress.com.br\/v1\/wp-content\/uploads\/DIEGO-SILVA-SANTOS-DIEGO-BAB\u00c3O.jpg\"><img aria-describedby=\"caption-attachment-25443\" loading=\"lazy\" src=\"http:\/\/www.r2cpress.com.br\/v1\/wp-content\/uploads\/DIEGO-SILVA-SANTOS-DIEGO-BAB\u00c3O-300x237.jpg\" alt=\"\" title=\"DIEGO SILVA SANTOS (DIEGO BAB\u00c3O)\" width=\"300\" height=\"237\" class=\"size-medium wp-image-25443\" srcset=\"https:\/\/www.r2cpress.com.br\/v1\/wp-content\/uploads\/DIEGO-SILVA-SANTOS-DIEGO-BAB\u00c3O-300x237.jpg 300w, https:\/\/www.r2cpress.com.br\/v1\/wp-content\/uploads\/DIEGO-SILVA-SANTOS-DIEGO-BAB\u00c3O.jpg 680w\" sizes=\"(max-width: 300px) 100vw, 300px\" \/><\/a><p id=\"caption-attachment-25443\" class=\"wp-caption-text\">DIEGO SILVA SANTOS (DIEGO BAB\u00c3O)<\/p><\/div>No dia 02\/10\/2011, por volta das 09h00min, Agentes do Setor de Miss\u00f5es Especiais da 68\u00aa CIPM\/Ilh\u00e9us, atrav\u00e9s de informa\u00e7\u00f5es passadas pelo Servi\u00e7o Reservado do 15\u00b0 BPM, e com o apoio da guarni\u00e7\u00e3o da vtr 6802, sob comando do SD PM DRIS\u00d3STES, deslocaram at\u00e9 ao Hospital Regional Luiz Viana Filho e efetuaram a pris\u00e3o de DIEGO SILVA SANTOS, vulgo DIEGO BAB\u00c3O, nascido em 25\/06\/90, filho de Lenival Santos da Silva e Maria Gorete Monte dos Santos.<br \/>\nContra o acusado existem 03 mandados de pris\u00e3o em aberto por homic\u00eddio e outros crimes, expedido pela Dra. Cl\u00e1udia Val\u00e9ria Panetta, Ju\u00edza Titular da Vara do J\u00fari e Execu\u00e7\u00f5es Penais da Comarca de Itabuna, sendo que na data de 01\/10(s\u00e1bado), o acusado foi baleado no munic\u00edpio de Itabuna e socorrido por sua genitora para o hospital regional de Ilh\u00e9us, apresentando 01 ferimento no abdome e 01 no bra\u00e7o causado por arma de fogo. No hospital o acusado usou nome falso de Erisvam Bispo. O Comandante da CIPM determinou a cust\u00f3dia do meliante, enquanto aguarda a libera\u00e7\u00e3o m\u00e9dica para em seguida apresenta-lo a autoridade judicial, sendo o ocorrido informado ao plant\u00e3o da 7\u00aa COORPIN.<\/p>\n<p><strong>&#8212;<br \/>\n68\u00aa CIPM\/ILH\u00c9US<\/strong><\/p>\n","protected":false},"excerpt":{"rendered":"<p>POLICIA MILITAR DA BAHIA CPRS \/ITABUNA 68\u00aa CIPM\/ILH\u00c9US No dia 02\/10\/2011, por volta das 09h00min, Agentes do Setor de Miss\u00f5es Especiais da 68\u00aa CIPM\/Ilh\u00e9us, atrav\u00e9s de informa\u00e7\u00f5es passadas pelo Servi\u00e7o Reservado do 15\u00b0 BPM, e com o apoio da guarni\u00e7\u00e3o da vtr 6802, sob comando do SD PM DRIS\u00d3STES, deslocaram at\u00e9 ao Hospital Regional Luiz [&hellip;]<\/p>\n","protected":false},"author":2,"featured_media":0,"comment_status":"open","ping_status":"open","sticky":false,"template":"","format":"standard","meta":{"_links_to":"","_links_to_target":""},"categories":[25],"tags":[],"_links":{"self":[{"href":"https:\/\/www.r2cpress.com.br\/v1\/wp-json\/wp\/v2\/posts\/25442"}],"collection":[{"href":"https:\/\/www.r2cpress.com.br\/v1\/wp-json\/wp\/v2\/posts"}],"about":[{"href":"https:\/\/www.r2cpress.com.br\/v1\/wp-json\/wp\/v2\/types\/post"}],"author":[{"embeddable":true,"href":"https:\/\/www.r2cpress.com.br\/v1\/wp-json\/wp\/v2\/users\/2"}],"replies":[{"embeddable":true,"href":"https:\/\/www.r2cpress.com.br\/v1\/wp-json\/wp\/v2\/comments?post=25442"}],"version-history":[{"count":3,"href":"https:\/\/www.r2cpress.com.br\/v1\/wp-json\/wp\/v2\/posts\/25442\/revisions"}],"predecessor-version":[{"id":25446,"href":"https:\/\/www.r2cpress.com.br\/v1\/wp-json\/wp\/v2\/posts\/25442\/revisions\/25446"}],"wp:attachment":[{"href":"https:\/\/www.r2cpress.com.br\/v1\/wp-json\/wp\/v2\/media?parent=25442"}],"wp:term":[{"taxonomy":"category","embeddable":true,"href":"https:\/\/www.r2cpress.com.br\/v1\/wp-json\/wp\/v2\/categories?post=25442"},{"taxonomy":"post_tag","embeddable":true,"href":"https:\/\/www.r2cpress.com.br\/v1\/wp-json\/wp\/v2\/tags?post=25442"}],"curies":[{"name":"wp","href":"https:\/\/api.w.org\/{rel}","templated":true}]}}