{"id":25555,"date":"2011-10-04T17:31:38","date_gmt":"2011-10-04T20:31:38","guid":{"rendered":"http:\/\/www.r2cpress.com.br\/v1\/?p=25555"},"modified":"2011-10-04T17:31:38","modified_gmt":"2011-10-04T20:31:38","slug":"locutor-tem-casa-roubada-e-faz-apelo-ao-assaltante-em-programa-de-radio","status":"publish","type":"post","link":"https:\/\/www.r2cpress.com.br\/v1\/2011\/10\/04\/locutor-tem-casa-roubada-e-faz-apelo-ao-assaltante-em-programa-de-radio\/","title":{"rendered":"Locutor tem casa roubada e faz apelo ao assaltante em programa de r\u00e1dio"},"content":{"rendered":"<p><strong>A pol\u00edcia n\u00e3o vai investigar o crime porque n\u00e3o foi acionada pela v\u00edtima<\/strong><\/p>\n<p><div id=\"attachment_25556\" style=\"width: 220px\" class=\"wp-caption alignleft\"><a href=\"http:\/\/www.r2cpress.com.br\/v1\/wp-content\/uploads\/Damaceno-n\u00e3o-prestou-queixa-e-preferiu-confiar-nos-ladr\u00f5es.jpg\"><img aria-describedby=\"caption-attachment-25556\" loading=\"lazy\" src=\"http:\/\/www.r2cpress.com.br\/v1\/wp-content\/uploads\/Damaceno-n\u00e3o-prestou-queixa-e-preferiu-confiar-nos-ladr\u00f5es.jpg\" alt=\"\" title=\"Damaceno n\u00e3o prestou queixa e preferiu confiar nos ladr\u00f5es\" width=\"210\" height=\"168\" class=\"size-full wp-image-25556\" \/><\/a><p id=\"caption-attachment-25556\" class=\"wp-caption-text\">Damaceno n\u00e3o prestou queixa e preferiu confiar nos ladr\u00f5es (Foto: Reprodu\u00e7\u00e3o\/Interior da Bahia).<\/p><\/div>Um radialista da cidade de Serrinha, a 173 km de Salvador, teve a casa roubada e ao inv\u00e9s de prestar queixa na delegacia, resolveu apelar para o assaltante em um programa de r\u00e1dio. Em entrevista \u00e0 TV Bahia, Manoel Damaceno, disse que procurou a r\u00e1dio onde trabalha com o amigo Jos\u00e9 Ferraz e pediu ao vivo que todos os itens roubados fossem devolvidos.<\/p>\n<p>Segundo informa\u00e7\u00f5es da TV, Manoel fez um apelo ao vivo e chegou a chorar. O radialista foi assaltado no dia 29 de setembro na zona rural do munic\u00edpio, conhecido como povoado do Cajuzeiro. O assaltante conseguiu entrar na casa fazendo um buraco na parede.<\/p>\n<p>No dia seguinte pela manh\u00e3 todos os eletrodom\u00e9sticos, aparelhos eletr\u00f4nicos e ferramentas foram econtrados no buraco feito na casa. A pol\u00edcia n\u00e3o vai investigar o crime porque n\u00e3o foi acionada pela v\u00edtima.<\/p>\n<p>&#8212;<br \/>\nReda\u00e7\u00e3o <a href = \"http:\/\/www.correio24horas.com.br\/noticias\/detalhes\/detalhes-3\/artigo\/locutor-tem-casa-roubada-e-faz-apelo-ao-assaltante-em-programa-de-radio\/\" target = \"_news\"><b>CORREIO DA BAHIA<\/b><\/a><\/p>\n","protected":false},"excerpt":{"rendered":"<p>A pol\u00edcia n\u00e3o vai investigar o crime porque n\u00e3o foi acionada pela v\u00edtima Um radialista da cidade de Serrinha, a 173 km de Salvador, teve a casa roubada e ao inv\u00e9s de prestar queixa na delegacia, resolveu apelar para o assaltante em um programa de r\u00e1dio. Em entrevista \u00e0 TV Bahia, Manoel Damaceno, disse que [&hellip;]<\/p>\n","protected":false},"author":2,"featured_media":0,"comment_status":"open","ping_status":"open","sticky":false,"template":"","format":"standard","meta":{"_links_to":"","_links_to_target":""},"categories":[13],"tags":[],"_links":{"self":[{"href":"https:\/\/www.r2cpress.com.br\/v1\/wp-json\/wp\/v2\/posts\/25555"}],"collection":[{"href":"https:\/\/www.r2cpress.com.br\/v1\/wp-json\/wp\/v2\/posts"}],"about":[{"href":"https:\/\/www.r2cpress.com.br\/v1\/wp-json\/wp\/v2\/types\/post"}],"author":[{"embeddable":true,"href":"https:\/\/www.r2cpress.com.br\/v1\/wp-json\/wp\/v2\/users\/2"}],"replies":[{"embeddable":true,"href":"https:\/\/www.r2cpress.com.br\/v1\/wp-json\/wp\/v2\/comments?post=25555"}],"version-history":[{"count":2,"href":"https:\/\/www.r2cpress.com.br\/v1\/wp-json\/wp\/v2\/posts\/25555\/revisions"}],"predecessor-version":[{"id":25558,"href":"https:\/\/www.r2cpress.com.br\/v1\/wp-json\/wp\/v2\/posts\/25555\/revisions\/25558"}],"wp:attachment":[{"href":"https:\/\/www.r2cpress.com.br\/v1\/wp-json\/wp\/v2\/media?parent=25555"}],"wp:term":[{"taxonomy":"category","embeddable":true,"href":"https:\/\/www.r2cpress.com.br\/v1\/wp-json\/wp\/v2\/categories?post=25555"},{"taxonomy":"post_tag","embeddable":true,"href":"https:\/\/www.r2cpress.com.br\/v1\/wp-json\/wp\/v2\/tags?post=25555"}],"curies":[{"name":"wp","href":"https:\/\/api.w.org\/{rel}","templated":true}]}}