{"id":25770,"date":"2011-10-07T10:05:45","date_gmt":"2011-10-07T13:05:45","guid":{"rendered":"http:\/\/www.r2cpress.com.br\/v1\/?p=25770"},"modified":"2011-10-07T11:06:55","modified_gmt":"2011-10-07T14:06:55","slug":"morre-martial-camara","status":"publish","type":"post","link":"https:\/\/www.r2cpress.com.br\/v1\/2011\/10\/07\/morre-martial-camara\/","title":{"rendered":"Morre Martial C\u00e2mara"},"content":{"rendered":"<p><strong>Acaba de falecer em Salvador o empres\u00e1rio ilheense Martial C\u00e2mara (BITWAY).<br \/>\nO corpo ser\u00e1 velado no Jardim da Saudade e cremado \u00e0s 17 horas na capital baiana.<\/p>\n<p>Mais informa\u00e7\u00f5es em instantes.<\/strong><\/p>\n","protected":false},"excerpt":{"rendered":"<p>Acaba de falecer em Salvador o empres\u00e1rio ilheense Martial C\u00e2mara (BITWAY). O corpo ser\u00e1 velado no Jardim da Saudade e cremado \u00e0s 17 horas na capital baiana. Mais informa\u00e7\u00f5es em instantes.<\/p>\n","protected":false},"author":2,"featured_media":0,"comment_status":"open","ping_status":"open","sticky":false,"template":"","format":"standard","meta":{"_links_to":"","_links_to_target":""},"categories":[21],"tags":[],"_links":{"self":[{"href":"https:\/\/www.r2cpress.com.br\/v1\/wp-json\/wp\/v2\/posts\/25770"}],"collection":[{"href":"https:\/\/www.r2cpress.com.br\/v1\/wp-json\/wp\/v2\/posts"}],"about":[{"href":"https:\/\/www.r2cpress.com.br\/v1\/wp-json\/wp\/v2\/types\/post"}],"author":[{"embeddable":true,"href":"https:\/\/www.r2cpress.com.br\/v1\/wp-json\/wp\/v2\/users\/2"}],"replies":[{"embeddable":true,"href":"https:\/\/www.r2cpress.com.br\/v1\/wp-json\/wp\/v2\/comments?post=25770"}],"version-history":[{"count":5,"href":"https:\/\/www.r2cpress.com.br\/v1\/wp-json\/wp\/v2\/posts\/25770\/revisions"}],"predecessor-version":[{"id":25782,"href":"https:\/\/www.r2cpress.com.br\/v1\/wp-json\/wp\/v2\/posts\/25770\/revisions\/25782"}],"wp:attachment":[{"href":"https:\/\/www.r2cpress.com.br\/v1\/wp-json\/wp\/v2\/media?parent=25770"}],"wp:term":[{"taxonomy":"category","embeddable":true,"href":"https:\/\/www.r2cpress.com.br\/v1\/wp-json\/wp\/v2\/categories?post=25770"},{"taxonomy":"post_tag","embeddable":true,"href":"https:\/\/www.r2cpress.com.br\/v1\/wp-json\/wp\/v2\/tags?post=25770"}],"curies":[{"name":"wp","href":"https:\/\/api.w.org\/{rel}","templated":true}]}}