{"id":26186,"date":"2011-10-12T13:49:10","date_gmt":"2011-10-12T16:49:10","guid":{"rendered":"http:\/\/www.r2cpress.com.br\/v1\/?p=26186"},"modified":"2011-10-12T13:50:04","modified_gmt":"2011-10-12T16:50:04","slug":"alumea-nossa-senhora","status":"publish","type":"post","link":"https:\/\/www.r2cpress.com.br\/v1\/2011\/10\/12\/alumea-nossa-senhora\/","title":{"rendered":"Alum\u00eaa, Nossa Senhora !!!!"},"content":{"rendered":"<p>Tem situa\u00e7\u00f5es que deixam a gente &#8220;aguniada&#8221;.<br \/>\nEliminei a filmagem frontal que mostrava toda a indigna\u00e7\u00e3o, revolta, descontentamento dessa senhora que est\u00e1 na cadeira. A outra, suando e cansada, cumpriu bem o seu papel na condu\u00e7\u00e3o da cadeira. A cal\u00e7ada n\u00e3o permite que a cadeira rode normalmente porque de palmo em palmo \u00e9 um tombo e com risco da cadeira virar. A op\u00e7\u00e3o, perigosa, \u00e9 a de ir para o asfalto dividir a pista com os carros, correr todos os riscos e contar com a aten\u00e7\u00e3o\/cuidado dos motoristas.<br \/>\nRapaz, minha l\u00edngua t\u00e1 co\u00e7ando, mas hoje \u00e9 dia de Nossa Senhora Aparecida e ELA pode ficar de tromba pro meu lado se eu dedilhar meu ros\u00e1rio de palavr\u00f5es.<br \/>\n<center><a href=\"http:\/\/www.r2cpress.com.br\/v1\/wp-content\/uploads\/mont-cal\u00e7ada-rua-da-linha.jpg\"><img loading=\"lazy\" src=\"http:\/\/www.r2cpress.com.br\/v1\/wp-content\/uploads\/mont-cal\u00e7ada-rua-da-linha.jpg\" alt=\"\" title=\"mont cal\u00e7ada rua da linha\" width=\"450\" height=\"113\" class=\"aligncenter size-full wp-image-26188\" srcset=\"https:\/\/www.r2cpress.com.br\/v1\/wp-content\/uploads\/mont-cal\u00e7ada-rua-da-linha.jpg 450w, https:\/\/www.r2cpress.com.br\/v1\/wp-content\/uploads\/mont-cal\u00e7ada-rua-da-linha-300x75.jpg 300w\" sizes=\"(max-width: 450px) 100vw, 450px\" \/><\/a><\/center><br \/>\n<center><iframe loading=\"lazy\" width=\"450\" height=\"315\" src=\"http:\/\/www.youtube.com\/embed\/3dLNzoDCakg\" frameborder=\"0\" allowfullscreen><\/iframe><\/center><\/p>\n<p><strong>Queridas e amadas AUTORIDADES,<\/strong><br \/>\n<strong>Sintam-se, solenemente, xingadas &#8230; <\/strong><\/p>\n","protected":false},"excerpt":{"rendered":"<p>Tem situa\u00e7\u00f5es que deixam a gente &#8220;aguniada&#8221;. Eliminei a filmagem frontal que mostrava toda a indigna\u00e7\u00e3o, revolta, descontentamento dessa senhora que est\u00e1 na cadeira. A outra, suando e cansada, cumpriu bem o seu papel na condu\u00e7\u00e3o da cadeira. A cal\u00e7ada n\u00e3o permite que a cadeira rode normalmente porque de palmo em palmo \u00e9 um tombo [&hellip;]<\/p>\n","protected":false},"author":2,"featured_media":0,"comment_status":"open","ping_status":"open","sticky":false,"template":"","format":"standard","meta":{"_links_to":"","_links_to_target":""},"categories":[14],"tags":[],"_links":{"self":[{"href":"https:\/\/www.r2cpress.com.br\/v1\/wp-json\/wp\/v2\/posts\/26186"}],"collection":[{"href":"https:\/\/www.r2cpress.com.br\/v1\/wp-json\/wp\/v2\/posts"}],"about":[{"href":"https:\/\/www.r2cpress.com.br\/v1\/wp-json\/wp\/v2\/types\/post"}],"author":[{"embeddable":true,"href":"https:\/\/www.r2cpress.com.br\/v1\/wp-json\/wp\/v2\/users\/2"}],"replies":[{"embeddable":true,"href":"https:\/\/www.r2cpress.com.br\/v1\/wp-json\/wp\/v2\/comments?post=26186"}],"version-history":[{"count":4,"href":"https:\/\/www.r2cpress.com.br\/v1\/wp-json\/wp\/v2\/posts\/26186\/revisions"}],"predecessor-version":[{"id":26191,"href":"https:\/\/www.r2cpress.com.br\/v1\/wp-json\/wp\/v2\/posts\/26186\/revisions\/26191"}],"wp:attachment":[{"href":"https:\/\/www.r2cpress.com.br\/v1\/wp-json\/wp\/v2\/media?parent=26186"}],"wp:term":[{"taxonomy":"category","embeddable":true,"href":"https:\/\/www.r2cpress.com.br\/v1\/wp-json\/wp\/v2\/categories?post=26186"},{"taxonomy":"post_tag","embeddable":true,"href":"https:\/\/www.r2cpress.com.br\/v1\/wp-json\/wp\/v2\/tags?post=26186"}],"curies":[{"name":"wp","href":"https:\/\/api.w.org\/{rel}","templated":true}]}}