{"id":26195,"date":"2011-10-12T18:36:10","date_gmt":"2011-10-12T21:36:10","guid":{"rendered":"http:\/\/www.r2cpress.com.br\/v1\/?p=26195"},"modified":"2011-10-12T18:36:10","modified_gmt":"2011-10-12T21:36:10","slug":"ilheus-pede-socorro","status":"publish","type":"post","link":"https:\/\/www.r2cpress.com.br\/v1\/2011\/10\/12\/ilheus-pede-socorro\/","title":{"rendered":"ILH\u00c9US PEDE SOCORRO"},"content":{"rendered":"<p><img loading=\"lazy\" class=\"alignleft\" src=\"http:\/\/www.r2cpress.com.br\/v1\/wp-content\/uploads\/Paulo-de-oliveira.jpg\" alt=\"\" width=\"300\" height=\"93\" \/>Infelizmente quando se faz uma reforma administrativa e acontece esse troca-troca de partido pelos mestres da pol\u00edtica ilheense, faltando apenas alguns meses para as elei\u00e7\u00f5es, as de 2012, claramente se pensa que foi uma estrat\u00e9gia para melhorar a administra\u00e7\u00e3o e tocar os projetos de governo, se \u00e9 que eles algum dia existiram. S\u00e3o tolos os que acreditam nisso. Toda essa estrat\u00e9gia n\u00e3o passa de esperta manobra eleitoreira de \u201cmarqueteiros\u201d visando fortalecer nomes desconhecidos ou desgastados nesses anos de inoper\u00e2ncia e trapalhada pol\u00edtico-administrativa, encenada pelos executivo e legislativo municipal de ontem e de hoje, simplesmente para confundir a opini\u00e3o publica, parecendo que, de um dia para o outro, tudo em Ilh\u00e9us mudou da \u00e1gua para o vinho, com essas mudan\u00e7as que saem da cabe\u00e7a desses ilusionistas de plant\u00e3o. Raciocinem comigo. Juro, eu gastaria que me provassem estar errado!<\/p>\n<p>N\u00e3o faz muito tempo, o caos estava instalado em Ilh\u00e9us. Hoje, a guerra fria para a sucess\u00e3o em 2012 come\u00e7ou, despertam-se os egos mais arrojados, novos e velhos, e a peleja acirra as estrat\u00e9gias. Repentinamente o prefeito adoece, \u00e9 encaminhado para uma das melhores UTI da capital. N\u00e3o duvido de forma alguma que o prefeito tenha adoecido, o desencanto \u00e9 que a maioria da popula\u00e7\u00e3o n\u00e3o tem esse privil\u00e9gio, enquanto a rede publica de sa\u00fade encontra-se na banca rota, a fechar as portas para os ilheenses. Por\u00e9m, os que podem correm para Itabuna e Salvador, os que ficam pedem miseric\u00f3rdia a Deus. Nesse \u00ednterim, o vice assume e risca com a caneta os nomes dos secret\u00e1rios tidos como indesej\u00e1veis, no seu ponto de vista. Confesso que deu vontade de comemorar essa atitude corajosa, se n\u00e3o fosse \u00e0 inc\u00f3gnita que rolou por tr\u00e1s dessa manobra.<\/p>\n<p><!--more--><\/p>\n<p>Com o poder na cabe\u00e7a, a caneta na m\u00e3o e o aval da m\u00e3e deputada, em duas semanas o vice fez o que o prefeito n\u00e3o teve peito para faz\u00ea-lo, n\u00e3o se sabe a raz\u00e3o, embora houvesse motivos suficientes para esse expurgo do governo h\u00e1 muito tempo. Dias depois, apressadamente, o prefeito volta recuperado e declara que o vice antecipou a reforma que ele iria fazer. Ele voltou e deu quatro secretarias para o partido do governador, trouxe de volta e remanejou dois dos secret\u00e1rios demitidos pelo vice, deixando de fora o exonerado que antes amea\u00e7ava botar a boca no trombone e batia no peito dizendo que quem mandava na prefeitura era ele, segundo falam as m\u00e1s l\u00ednguas, e hoje, seu apito ficou surdo sabe-se l\u00e1 por que, a n\u00e3o ser que a areia do tempo revele.<\/p>\n<p>Conclu\u00edda a \u201creforma administrativa\u201d, o prefeito filia-se ao PT. Imagine o que passa pela cabe\u00e7a dos militantes mais apaixonados do PT? Agora, imaginem a decep\u00e7\u00e3o da lideran\u00e7a do PSB. Notaram que tudo ficou mais light? Devemos entender que houve em Salvador uma conversa de p\u00e9 de orelha com o governador, no leito do hospital e ele se prop\u00f4s salvar o governo Newton? Ou ordenou, levanta-te dessa cama e anda porque o vice rebelou-se? Ser\u00e1 que o prefeito implorou: Help me? Ou tem truta nessa jogada para abrir portas para algum candidato aliado? Observem voc\u00eas que de repente voltamos a ouvir da constru\u00e7\u00e3o da nova ponte, da duplica\u00e7\u00e3o da BA 415, da estrada de ferro Oeste Leste, do Porto Sul e n\u00e3o demora, tudo estar\u00e1 maquiado, com meios fios pintados, lixo coletado em dia, opera\u00e7\u00e3o tapa buracos, sal\u00e1rios quase em dia, entre outras promessas que j\u00e1 estamos saturados de ouvir. Tudo isto para encobrir o aumento da viol\u00eancia, do abandono dos hospitais e das escolas p\u00fablicas; aumento da mortalidade infantil, do analfabetismo, desemprego e os rombos das governan\u00e7as municipais. Acho muito tardia essas mudan\u00e7as, n\u00e3o surtir\u00e3o efeito nenhum a n\u00e3o ser beneficiar grupos de pessoas querendo se desassociar do caos ou se beneficiar dele.<\/p>\n<p>Pode ser comum, mas todo realista \u00e9 confundido com pragm\u00e1tico. Hoje \u00e9 dia de N. S. Aparecida, respeito, mas n\u00e3o tenho afinidade \u201ccatolicista\u201d, exceto meus amigos, sou amante da natureza, mas n\u00e3o sou militante ecologista; admiro o desenvolvimento sustent\u00e1vel, mas de vez em quando fico com uma pulga atr\u00e1s da orelha \u2013 A mineradora assinou acordo com a prefeitura para recuperar o pronto atendimento do Hospital S\u00e3o Jos\u00e9. Parabenizo a atitude.<\/p>\n<p>D\u00favida. Os militantes ecologistas estar\u00e3o certos?<\/p>\n<p>Eles afirmam que as instala\u00e7\u00f5es da mineradora e o Porto Sul ser\u00e3o prejudiciais \u00e0 popula\u00e7\u00e3o, a fauna, flora e mananciais hidrogr\u00e1ficos. Da\u00ed eu pergunto: A mineradora formalizando esse ato est\u00e1 prevendo que no futuro pr\u00f3ximo, ap\u00f3s a popula\u00e7\u00e3o ilheense cheirar ou beber e comer min\u00e9rios pesados precisar\u00e1 de atendimentos emergenciais? \u00a0Espero que n\u00e3o. Mas, devo confessar que Ilh\u00e9us precisa de socorro, n\u00e3o propriamente o das Maria do Socorro, ao contrario, imploramos o socorro divino proveniente de Deus, j\u00e1 que somos ignorantes aos interesses econ\u00f4micos e pol\u00edticos.<\/p>\n<p>Paulo de Oliveira<\/p>\n","protected":false},"excerpt":{"rendered":"<p>Infelizmente quando se faz uma reforma administrativa e acontece esse troca-troca de partido pelos mestres da pol\u00edtica ilheense, faltando apenas alguns meses para as elei\u00e7\u00f5es, as de 2012, claramente se pensa que foi uma estrat\u00e9gia para melhorar a administra\u00e7\u00e3o e tocar os projetos de governo, se \u00e9 que eles algum dia existiram. S\u00e3o tolos os [&hellip;]<\/p>\n","protected":false},"author":2,"featured_media":0,"comment_status":"open","ping_status":"open","sticky":false,"template":"","format":"standard","meta":{"_links_to":"","_links_to_target":""},"categories":[10],"tags":[],"_links":{"self":[{"href":"https:\/\/www.r2cpress.com.br\/v1\/wp-json\/wp\/v2\/posts\/26195"}],"collection":[{"href":"https:\/\/www.r2cpress.com.br\/v1\/wp-json\/wp\/v2\/posts"}],"about":[{"href":"https:\/\/www.r2cpress.com.br\/v1\/wp-json\/wp\/v2\/types\/post"}],"author":[{"embeddable":true,"href":"https:\/\/www.r2cpress.com.br\/v1\/wp-json\/wp\/v2\/users\/2"}],"replies":[{"embeddable":true,"href":"https:\/\/www.r2cpress.com.br\/v1\/wp-json\/wp\/v2\/comments?post=26195"}],"version-history":[{"count":3,"href":"https:\/\/www.r2cpress.com.br\/v1\/wp-json\/wp\/v2\/posts\/26195\/revisions"}],"predecessor-version":[{"id":26198,"href":"https:\/\/www.r2cpress.com.br\/v1\/wp-json\/wp\/v2\/posts\/26195\/revisions\/26198"}],"wp:attachment":[{"href":"https:\/\/www.r2cpress.com.br\/v1\/wp-json\/wp\/v2\/media?parent=26195"}],"wp:term":[{"taxonomy":"category","embeddable":true,"href":"https:\/\/www.r2cpress.com.br\/v1\/wp-json\/wp\/v2\/categories?post=26195"},{"taxonomy":"post_tag","embeddable":true,"href":"https:\/\/www.r2cpress.com.br\/v1\/wp-json\/wp\/v2\/tags?post=26195"}],"curies":[{"name":"wp","href":"https:\/\/api.w.org\/{rel}","templated":true}]}}