{"id":26202,"date":"2011-10-12T18:47:57","date_gmt":"2011-10-12T21:47:57","guid":{"rendered":"http:\/\/www.r2cpress.com.br\/v1\/?p=26202"},"modified":"2011-10-12T18:47:57","modified_gmt":"2011-10-12T21:47:57","slug":"ii-cavalverao","status":"publish","type":"post","link":"https:\/\/www.r2cpress.com.br\/v1\/2011\/10\/12\/ii-cavalverao\/","title":{"rendered":"II  CAVALVER\u00c3O"},"content":{"rendered":"<p>\u00c9 com muito orgulho, simplicidade e satisfa\u00e7\u00e3o, que comunicamos \u00e0 \u201cII CAVALVER\u00c3O\u201d. Este ano acontecer\u00e1 no dia \u201c17 de Dezembro de 2011\u201d, com sa\u00edda do Centro de Conven\u00e7\u00f5es de Ilh\u00e9us, rumo ao Parque de Exposi\u00e7\u00f5es.<br \/>\nSegue em anexo o projeto da II CAVALVER\u00c3O, para que voc\u00ea possa nos dar aquela ajuda divulgando em seu site. <\/p>\n<p>Maiores informa\u00e7\u00f5es, a respeito da cavalgada, nos telefones abaixo.<\/p>\n<p>Desde j\u00e1 agradecemos pela aten\u00e7\u00e3o.<\/p>\n<p>Atenciosamente,<\/p>\n<p>Marcell Tavares<br \/>\n73 \u2013 8859 \u2013 0459 \/ 9964 &#8211; 1116<\/p>\n<p>Tiago Mucuge<br \/>\n73 \u2013 8806 \u2013 9159<\/p>\n<p>Coordenadores do Evento<\/p>\n<p><center><\/p>\n<div style=\"width:477px\" id=\"__ss_9664745\"><strong style=\"display:block;margin:12px 0 4px\"><a href=\"http:\/\/www.slideshare.net\/r2cpress\/projeto-da-cavalvero\" title=\"Projeto da cavalver\u00e3o\">Projeto da cavalver\u00e3o<\/a><\/strong><object id=\"__sse9664745\" width=\"477\" height=\"510\"><param name=\"movie\" value=\"http:\/\/static.slidesharecdn.com\/swf\/doc_player.swf?doc=projetodacavalvero-111012164326-phpapp02&#038;stripped_title=projeto-da-cavalvero&#038;userName=r2cpress\" \/><param name=\"allowFullScreen\" value=\"true\"\/><param name=\"allowScriptAccess\" value=\"always\"\/><embed name=\"__sse9664745\" src=\"http:\/\/static.slidesharecdn.com\/swf\/doc_player.swf?doc=projetodacavalvero-111012164326-phpapp02&#038;stripped_title=projeto-da-cavalvero&#038;userName=r2cpress\" type=\"application\/x-shockwave-flash\" allowscriptaccess=\"always\" allowfullscreen=\"true\" width=\"477\" height=\"510\"><\/embed><\/object><\/p>\n<div style=\"padding:5px 0 12px\">View more <a href=\"http:\/\/www.slideshare.net\/\">documents<\/a> from <a href=\"http:\/\/www.slideshare.net\/r2cpress\">r2cpress<\/a>.<\/div>\n<\/div>\n<p><\/center><\/p>\n","protected":false},"excerpt":{"rendered":"<p>\u00c9 com muito orgulho, simplicidade e satisfa\u00e7\u00e3o, que comunicamos \u00e0 \u201cII CAVALVER\u00c3O\u201d. Este ano acontecer\u00e1 no dia \u201c17 de Dezembro de 2011\u201d, com sa\u00edda do Centro de Conven\u00e7\u00f5es de Ilh\u00e9us, rumo ao Parque de Exposi\u00e7\u00f5es. Segue em anexo o projeto da II CAVALVER\u00c3O, para que voc\u00ea possa nos dar aquela ajuda divulgando em seu site. [&hellip;]<\/p>\n","protected":false},"author":2,"featured_media":0,"comment_status":"open","ping_status":"open","sticky":false,"template":"","format":"standard","meta":{"_links_to":"","_links_to_target":""},"categories":[28],"tags":[],"_links":{"self":[{"href":"https:\/\/www.r2cpress.com.br\/v1\/wp-json\/wp\/v2\/posts\/26202"}],"collection":[{"href":"https:\/\/www.r2cpress.com.br\/v1\/wp-json\/wp\/v2\/posts"}],"about":[{"href":"https:\/\/www.r2cpress.com.br\/v1\/wp-json\/wp\/v2\/types\/post"}],"author":[{"embeddable":true,"href":"https:\/\/www.r2cpress.com.br\/v1\/wp-json\/wp\/v2\/users\/2"}],"replies":[{"embeddable":true,"href":"https:\/\/www.r2cpress.com.br\/v1\/wp-json\/wp\/v2\/comments?post=26202"}],"version-history":[{"count":2,"href":"https:\/\/www.r2cpress.com.br\/v1\/wp-json\/wp\/v2\/posts\/26202\/revisions"}],"predecessor-version":[{"id":26204,"href":"https:\/\/www.r2cpress.com.br\/v1\/wp-json\/wp\/v2\/posts\/26202\/revisions\/26204"}],"wp:attachment":[{"href":"https:\/\/www.r2cpress.com.br\/v1\/wp-json\/wp\/v2\/media?parent=26202"}],"wp:term":[{"taxonomy":"category","embeddable":true,"href":"https:\/\/www.r2cpress.com.br\/v1\/wp-json\/wp\/v2\/categories?post=26202"},{"taxonomy":"post_tag","embeddable":true,"href":"https:\/\/www.r2cpress.com.br\/v1\/wp-json\/wp\/v2\/tags?post=26202"}],"curies":[{"name":"wp","href":"https:\/\/api.w.org\/{rel}","templated":true}]}}