{"id":26210,"date":"2011-10-12T19:50:37","date_gmt":"2011-10-12T22:50:37","guid":{"rendered":"http:\/\/www.r2cpress.com.br\/v1\/?p=26210"},"modified":"2011-10-12T19:50:37","modified_gmt":"2011-10-12T22:50:37","slug":"opus-dei-14","status":"publish","type":"post","link":"https:\/\/www.r2cpress.com.br\/v1\/2011\/10\/12\/opus-dei-14\/","title":{"rendered":"OPUS DEI"},"content":{"rendered":"<p><img loading=\"lazy\" class=\"alignleft\" src=\"http:\/\/www.r2cpress.com.br\/v1\/wp-content\/uploads\/opusdei_0.jpg\" alt=\"\" width=\"110\" height=\"30\" \/><\/p>\n<p>&nbsp;<\/p>\n<p>&nbsp;<\/p>\n<p><strong>BOLETIM 12 de outubro de 2011\u00a0<\/strong><\/p>\n<div>Lan\u00e7ado em S\u00e3o Paulo o livro &#8220;O homem que sabia perdoar&#8221;, de Francisco Faus. Texto doutrinal sobre o pecado. Carta mensal do Prelado (outubro). Testemunhos sobre a santidade no trabalho.<\/div>\n<p>O OPUS DEI NO BRASIL<\/p>\n<div><a href=\"http:\/\/www.opusdei.org.br\/art.php?p=45720\" target=\"_blank\">Lan\u00e7amento de livro sobre S\u00e3o Josemaria<\/a><\/div>\n<p>No dia 6 de outubro de 2011, anivers\u00e1rio da canoniza\u00e7\u00e3o de S. Josemaria, foi lan\u00e7ado em S\u00e3o Paulo o livro &#8220;O homem que sabia perdoar&#8221;, de Francisco Faus (editora Indai\u00e1, 2011). Publicamos uma entrevista com o autor. <a href=\"http:\/\/www.opusdei.org.br\/art.php?p=45720\" target=\"_blank\">[+]<\/a><\/p>\n<div>TESTEMUNHOS<\/div>\n<div><a href=\"http:\/\/www.opusdei.org.br\/art.php?p=45719\" target=\"_blank\">Yuri, Sergei e a santidade no trabalho<\/a><\/div>\n<p>Sergei tem 29 anos, \u00e9 historiador, ortodoxo e cooperador do Opus Dei, que conheceu ao ler S\u00e3o Josemaria pela internet em sua cidade, Ryazan (R\u00fassia). Yuri recebeu o batismo aos 55 anos, \u00e9 f\u00edsico e coopera ministrando palestras sobre ci\u00eancia e religi\u00e3o no Centro da Obra de Moscou. <a href=\"http:\/\/www.opusdei.org.br\/art.php?p=45719\" target=\"_blank\">[+]<\/a><\/p>\n<div>DO PRELADO<\/div>\n<div><a href=\"http:\/\/www.opusdei.org.br\/art.php?p=45634\" target=\"_blank\">Carta do Prelado (outubro 2011)<\/a><\/div>\n<p>Por motivo de um novo anivers\u00e1rio da funda\u00e7\u00e3o da Obra, o Prelado reflete sobre os sentimentos de adora\u00e7\u00e3o e gratid\u00e3o que embargaram a alma de S\u00e3o Josemaria, no 2 de outubro de 1928. <a href=\"http:\/\/www.opusdei.org.br\/art.php?p=45634\" target=\"_blank\">[+]<\/a><\/p>\n<div>NOT\u00cdCIAS<\/div>\n<div><a href=\"http:\/\/www.opusdei.org.br\/art.php?p=45584\" target=\"_blank\">As melhores imagens do Papa no seu pa\u00eds<\/a><\/div>\n<p>A ag\u00eancia Rome Reports publicou um v\u00eddeo que re\u00fane as melhores imagens da visita de Bento XVI \u00e0 sua terra: Alemanha. <a href=\"http:\/\/www.opusdei.org.br\/art.php?p=45584\" target=\"_blank\">[+]<\/a><\/p>\n<div><a href=\"http:\/\/www.opusdei.org.br\/art.php?p=45750\" target=\"_blank\">Procuras trabalho?<\/a><\/div>\n<p>Oferecemos a &#8220;Novena do trabalho&#8221; para pedir a S. Josemaria a sua intercess\u00e3o neste tema t\u00e3o importante para as nossas vidas. <a href=\"http:\/\/www.opusdei.org.br\/art.php?p=45750\" target=\"_blank\">[+]<\/a><\/p>\n<div>CULTIVAR A F\u00c9<\/div>\n<div><a href=\"http:\/\/www.opusdei.org.br\/art.php?p=45702\" target=\"_blank\">TEMA 30. O pecado pessoal<\/a><\/div>\n<p>O pecado \u00e9 uma palavra, um ato ou um desejo contr\u00e1rios \u00e0 lei eterna. \u00c9 uma ofensa a Deus, que lesa a natureza do homem e atenta contra a solidariedade humana. <a href=\"http:\/\/www.opusdei.org.br\/art.php?p=45702\" target=\"_blank\">[+]<\/a><\/p>\n","protected":false},"excerpt":{"rendered":"<p>&nbsp; &nbsp; BOLETIM 12 de outubro de 2011\u00a0 Lan\u00e7ado em S\u00e3o Paulo o livro &#8220;O homem que sabia perdoar&#8221;, de Francisco Faus. Texto doutrinal sobre o pecado. Carta mensal do Prelado (outubro). Testemunhos sobre a santidade no trabalho. O OPUS DEI NO BRASIL Lan\u00e7amento de livro sobre S\u00e3o Josemaria No dia 6 de outubro de [&hellip;]<\/p>\n","protected":false},"author":2,"featured_media":0,"comment_status":"open","ping_status":"open","sticky":false,"template":"","format":"standard","meta":{"_links_to":"","_links_to_target":""},"categories":[28],"tags":[],"_links":{"self":[{"href":"https:\/\/www.r2cpress.com.br\/v1\/wp-json\/wp\/v2\/posts\/26210"}],"collection":[{"href":"https:\/\/www.r2cpress.com.br\/v1\/wp-json\/wp\/v2\/posts"}],"about":[{"href":"https:\/\/www.r2cpress.com.br\/v1\/wp-json\/wp\/v2\/types\/post"}],"author":[{"embeddable":true,"href":"https:\/\/www.r2cpress.com.br\/v1\/wp-json\/wp\/v2\/users\/2"}],"replies":[{"embeddable":true,"href":"https:\/\/www.r2cpress.com.br\/v1\/wp-json\/wp\/v2\/comments?post=26210"}],"version-history":[{"count":5,"href":"https:\/\/www.r2cpress.com.br\/v1\/wp-json\/wp\/v2\/posts\/26210\/revisions"}],"predecessor-version":[{"id":26215,"href":"https:\/\/www.r2cpress.com.br\/v1\/wp-json\/wp\/v2\/posts\/26210\/revisions\/26215"}],"wp:attachment":[{"href":"https:\/\/www.r2cpress.com.br\/v1\/wp-json\/wp\/v2\/media?parent=26210"}],"wp:term":[{"taxonomy":"category","embeddable":true,"href":"https:\/\/www.r2cpress.com.br\/v1\/wp-json\/wp\/v2\/categories?post=26210"},{"taxonomy":"post_tag","embeddable":true,"href":"https:\/\/www.r2cpress.com.br\/v1\/wp-json\/wp\/v2\/tags?post=26210"}],"curies":[{"name":"wp","href":"https:\/\/api.w.org\/{rel}","templated":true}]}}