{"id":26216,"date":"2011-10-12T20:45:45","date_gmt":"2011-10-12T23:45:45","guid":{"rendered":"http:\/\/www.r2cpress.com.br\/v1\/?p=26216"},"modified":"2011-10-12T20:45:45","modified_gmt":"2011-10-12T23:45:45","slug":"nossa-senhora-aparecida-padroeira-do-brasil","status":"publish","type":"post","link":"https:\/\/www.r2cpress.com.br\/v1\/2011\/10\/12\/nossa-senhora-aparecida-padroeira-do-brasil\/","title":{"rendered":"Nossa Senhora Aparecida, padroeira do Brasil"},"content":{"rendered":"<p><span style=\"font-family: Arial;\"><span style=\"font-family: Arial;\"><strong><br \/>\n<\/strong><\/span><\/span><\/p>\n<p><center><span style=\"color: black; font-family: Arial; font-size: x-small;\"><span style=\"color: black; font-family: Arial; font-size: x-small;\"> <img src=\"http:\/\/www.culturabrasil.org\/imagens\/cruz.jpg\" alt=\"O Cruzeiro : Marco do local do encontro da imagem\" align=\"left\" border=\"0\" \/><span style=\"color: #000000; font-size: xx-small;\"><br \/>\n<\/span><\/span><\/span><\/p>\n<p align=\"justify\">O rio Para\u00edba, que nasce em S\u00e3o Paulo e des\u00e1gua no litoral fluminense, era limpo e piscoso em 1717, quando os pescadores Domingos Garcia, Felipe Pedroso e Jo\u00e3o Alves resgataram a imagem de Nossa Senhora Aparecida de suas \u00e1guas. Encarregados de garantir o almo\u00e7o do conde de Assumar, ent\u00e3o governador da prov\u00edncia de S\u00e3o Paulo, que visitava a Vila de Guaratinguet\u00e1, eles subiam o rio e lan\u00e7avam as redes sem muito sucesso pr\u00f3ximo ao porto de Itagua\u00e7u, at\u00e9 que recolheram o corpo da imagem. Na segunda tentativa, trouxeram a cabe\u00e7a e, a partir desse momento, os peixes pareciam brotar ao redor do barco.<br \/>\n<img loading=\"lazy\" src=\"http:\/\/www.culturabrasil.org\/imagens\/pescador.jpg\" alt=\"Imagem Original de Chico Santeiro\" width=\"250\" height=\"189\" align=\"right\" border=\"0\" \/>Durante 15 anos, Pedroso ficou com a imagem em sua casa, onde recebia v\u00e1rias pessoas para rezas e novenas. Mais tarde, a fam\u00edlia construiu um orat\u00f3rio para a imagem, at\u00e9 que em 1735, o vig\u00e1rio de Guaratinguet\u00e1 erigiu uma capela no alto do Morro dos Coqueiros.Como o n\u00famero de fi\u00e9is fosse cada vez maior, teve in\u00edcio em 1834 a constru\u00e7\u00e3o da chamada Bas\u00edlica Velha. O ano de 1928 marcou a passagem do povoado nascido ao redor do Morro dos Coqueiros a munic\u00edpio e, um ano depois, o papa Pio XI proclamava a santa como Rainha do Brasil e sua padroeira oficial.<br \/>\n<img loading=\"lazy\" src=\"http:\/\/www.culturabrasil.org\/imagens\/pedra2.jpg\" alt=\"Foto do rio onde foi encontrada a imagem\" width=\"301\" height=\"138\" align=\"right\" border=\"0\" \/> A necessidade de um local maior para os romeiros era inevit\u00e1vel e em 1955 teve in\u00edcio a constru\u00e7\u00e3o da Bas\u00edlica Nova, que em tamanho s\u00f3 perde para a de S\u00e3o Pedro, no Vaticano. O arquiteto Benedito Calixto idealizou um edif\u00edcio em forma de cruz grega, com 173m de comprimento por 168m de largura; as naves com 40m e a c\u00fapula com 70m de altura, capaz de abrigar 45 mil pessoas. Os 272 mil metros quadrados de estacionamento comportam 4 mil \u00f4nibus e 6 mil carros. Tudo isso para atender cerca de 7 milh\u00f5es de romeiros por ano.<\/p>\n<hr \/>\n<p><img src=\"http:\/\/www.culturabrasil.org\/imagens\/nsa4.jpg\" alt=\"Imagem de Nossa Senhora\" align=\"left\" border=\"0\" \/><\/p>\n<p><strong><span style=\"color: #ff0000; font-size: small;\">PRIMEIROS MILAGRES<\/span> <\/strong><\/p>\n<p><strong><\/p>\n<p><\/strong><\/p>\n<hr \/>\n<p><span style=\"color: black; font-family: Arial; font-size: x-small;\"><span style=\"color: black; font-family: Arial; font-size: x-small;\"><span style=\"color: #000000; font-size: xx-small;\"><strong><br \/>\n<img loading=\"lazy\" src=\"http:\/\/www.culturabrasil.org\/imagens\/milagrevelas.jpg\" alt=\"Imagem Original de Chico Santeiro\" width=\"250\" height=\"204\" align=\"right\" border=\"0\" \/><span style=\"color: #0000ff; font-size: x-small;\">MILAGRE DAS VELAS<\/span><\/strong><br \/>\n<span style=\"font-size: xx-small;\">Estando a noite serena, repentinamente as duas velas que iluminavam a Santa se apagaram. Houve espanto entre os devotos, e Silvana da Rocha, querendo acend\u00ea-las novamente, nem tentou, pois elas acenderam por si mesmas. Este foi o primeiro milagre de Nossa Senhora.<\/span><\/span><\/span><\/span>&nbsp;<\/p>\n<hr \/>\n<p><span style=\"color: black; font-family: Arial; font-size: x-small;\"><span style=\"color: black; font-family: Arial; font-size: x-small;\"><span style=\"color: #000000; font-size: xx-small;\"><span style=\"font-size: xx-small;\"><br \/>\n<img loading=\"lazy\" src=\"http:\/\/www.culturabrasil.org\/imagens\/milagrecorr.jpg\" alt=\"Imagem Original de Chico Santeiro\" width=\"250\" height=\"190\" align=\"left\" border=\"0\" \/><span style=\"color: #0000ff; font-size: x-small;\"><strong>CAEM AS CORRENTES<\/strong><\/span><br \/>\nEm meados de 1850, um escravo chamado Zacarias, preso por grossas correntes, ao passar pelo Santu\u00e1rio, pede ao feitor permiss\u00e3o para rezar \u00e0 Nossa Senhora Aparecida. Recebendo autoriza\u00e7\u00e3o, o escravo se ajoelha e reza contrito. As correntes, milagrosamente, soltam-se de seus pulsos deixando Zacarias livre.<\/span><\/span><\/span><\/span>&nbsp;<\/p>\n<hr \/>\n<p><span style=\"color: black; font-family: Arial; font-size: x-small;\"><span style=\"color: black; font-family: Arial; font-size: x-small;\"><span style=\"color: #000000; font-size: xx-small;\"><span style=\"font-size: xx-small;\"><br \/>\n<img loading=\"lazy\" src=\"http:\/\/www.culturabrasil.org\/imagens\/milagrecav.jpg\" alt=\"Imagem Original de Chico Santeiro\" width=\"250\" height=\"189\" align=\"right\" border=\"0\" \/><span style=\"color: #0000ff; font-size: x-small;\"><strong>O CAVALEIRO SEM F\u00c9<\/strong><\/span><br \/>\nUm cavaleiro de Cuiab\u00e1, passando por Aparecida, ao se dirigir para Minas Gerais, viu a f\u00e9 dos romeiros e come\u00e7ou a zombar, dizendo, que aquela f\u00e9 era uma bobagem. Quis provar o que dizia, entrando a cavalo na igreja. N\u00e3o conseguiu. A pata de seu cavalo se prendeu na pedra da escadaria da igreja ( Bas\u00edlica Velha ), e o cavaleiro arrependido, entrou na igreja como devoto.<\/span><\/span><\/span><\/span>&nbsp;<\/p>\n<hr \/>\n<p><span style=\"color: black; font-family: Arial; font-size: x-small;\"><span style=\"color: black; font-family: Arial; font-size: x-small;\"><span style=\"color: #000000; font-size: xx-small;\"><span style=\"font-size: xx-small;\"><br \/>\n<img loading=\"lazy\" src=\"http:\/\/www.culturabrasil.org\/imagens\/milagrecega.jpg\" alt=\"Imagem Original de Chico Santeiro\" width=\"250\" height=\"190\" align=\"left\" border=\"0\" \/><span style=\"color: #0000ff; font-size: x-small;\"><strong>A MENINA CEGA<\/strong><\/span><br \/>\nM\u00e3e e filha caminhavam \u00e0s margens do rio Para\u00edba, quando surpreendentemente a filha cega de nascen\u00e7a comenta surpresa com a m\u00e3e : &#8220;M\u00e3e como \u00e9 linda esta igreja&#8221; (Bas\u00edlica Velha).<\/span><\/span><\/span><\/span>&nbsp;<\/p>\n<hr \/>\n<p><span style=\"color: black; font-family: Arial; font-size: x-small;\"><span style=\"color: black; font-family: Arial; font-size: x-small;\"><span style=\"color: #000000; font-size: xx-small;\"><span style=\"font-size: xx-small;\"><br \/>\n<img loading=\"lazy\" src=\"http:\/\/www.culturabrasil.org\/imagens\/milagreafo.jpg\" alt=\"Imagem Original de Chico Santeiro\" width=\"250\" height=\"189\" align=\"right\" border=\"0\" \/><span style=\"color: #0000ff; font-size: x-small;\"><strong>MENINO NO RIO<\/strong><\/span><br \/>\nO Pai e o filho foram pescar, durante a pescaria a correnteza estava muito forte e por um descuido o menino caiu no rio e n\u00e3o sabia nadar, a correnteza o arrastava cada vez mais r\u00e1pido e o pai desesperado pede a Nossa Senhora Aparecida para salvar o menino. De <\/span> <\/span> <span style=\"font-size: xx-small;\">repente o corpo do menino para de ser arrastado, enquanto a forte correnteza continua e o pai salva o menino.<\/span><\/span><\/span>&nbsp;<\/p>\n<hr \/>\n<p><span style=\"color: black; font-family: Arial; font-size: x-small;\"><span style=\"font-size: xx-small;\"><br \/>\n<img loading=\"lazy\" src=\"http:\/\/www.culturabrasil.org\/imagens\/milagreonca.jpg\" alt=\"Imagem Original de Chico Santeiro\" width=\"250\" height=\"188\" align=\"left\" border=\"0\" \/><span style=\"color: #0000ff; font-size: x-small;\"><strong>O CA\u00c7ADOR<\/strong><\/span><br \/>\nUm ca\u00e7ador estava voltado de sua ca\u00e7ada j\u00e1 sem muni\u00e7\u00e3o, derepente ele se deparou com uma enorme on\u00e7a. Ele se viu encurralado e a on\u00e7a estava prestes a atacar, ent\u00e3o o ca\u00e7ador pede desesperado a Nossa Senhora Aparecida por sua vida, a on\u00e7a vira e vai embora <\/span> <\/span>&nbsp;<\/p>\n<p>&nbsp;<\/p>\n<p>http:\/\/www.culturabrasil.org\/aparecida.htm<\/p>\n<p><\/center><\/p>\n","protected":false},"excerpt":{"rendered":"<p>O rio Para\u00edba, que nasce em S\u00e3o Paulo e des\u00e1gua no litoral fluminense, era limpo e piscoso em 1717, quando os pescadores Domingos Garcia, Felipe Pedroso e Jo\u00e3o Alves resgataram a imagem de Nossa Senhora Aparecida de suas \u00e1guas. Encarregados de garantir o almo\u00e7o do conde de Assumar, ent\u00e3o governador da prov\u00edncia de S\u00e3o Paulo, [&hellip;]<\/p>\n","protected":false},"author":2,"featured_media":0,"comment_status":"open","ping_status":"open","sticky":false,"template":"","format":"standard","meta":{"_links_to":"","_links_to_target":""},"categories":[28],"tags":[],"_links":{"self":[{"href":"https:\/\/www.r2cpress.com.br\/v1\/wp-json\/wp\/v2\/posts\/26216"}],"collection":[{"href":"https:\/\/www.r2cpress.com.br\/v1\/wp-json\/wp\/v2\/posts"}],"about":[{"href":"https:\/\/www.r2cpress.com.br\/v1\/wp-json\/wp\/v2\/types\/post"}],"author":[{"embeddable":true,"href":"https:\/\/www.r2cpress.com.br\/v1\/wp-json\/wp\/v2\/users\/2"}],"replies":[{"embeddable":true,"href":"https:\/\/www.r2cpress.com.br\/v1\/wp-json\/wp\/v2\/comments?post=26216"}],"version-history":[{"count":6,"href":"https:\/\/www.r2cpress.com.br\/v1\/wp-json\/wp\/v2\/posts\/26216\/revisions"}],"predecessor-version":[{"id":26222,"href":"https:\/\/www.r2cpress.com.br\/v1\/wp-json\/wp\/v2\/posts\/26216\/revisions\/26222"}],"wp:attachment":[{"href":"https:\/\/www.r2cpress.com.br\/v1\/wp-json\/wp\/v2\/media?parent=26216"}],"wp:term":[{"taxonomy":"category","embeddable":true,"href":"https:\/\/www.r2cpress.com.br\/v1\/wp-json\/wp\/v2\/categories?post=26216"},{"taxonomy":"post_tag","embeddable":true,"href":"https:\/\/www.r2cpress.com.br\/v1\/wp-json\/wp\/v2\/tags?post=26216"}],"curies":[{"name":"wp","href":"https:\/\/api.w.org\/{rel}","templated":true}]}}