{"id":26234,"date":"2011-10-12T23:06:28","date_gmt":"2011-10-13T02:06:28","guid":{"rendered":"http:\/\/www.r2cpress.com.br\/v1\/?p=26234"},"modified":"2011-10-12T23:06:28","modified_gmt":"2011-10-13T02:06:28","slug":"funcionarios-dos-correios-voltam-a-trabalhar-amanha-diz-federacao","status":"publish","type":"post","link":"https:\/\/www.r2cpress.com.br\/v1\/2011\/10\/12\/funcionarios-dos-correios-voltam-a-trabalhar-amanha-diz-federacao\/","title":{"rendered":"Funcion\u00e1rios dos Correios voltam a trabalhar amanh\u00e3, diz federa\u00e7\u00e3o"},"content":{"rendered":"<p>Os funcion\u00e1rios dos Correios v\u00e3o cumprir a ordem do TST (Tribunal Superior do Trabalho) e come\u00e7am a trabalhar a partir da madrugada desta quinta-feira.<\/p>\n<p>Segundo o secret\u00e1rio-geral da federa\u00e7\u00e3o da Fentect (Federa\u00e7\u00e3o dos Trabalhadores em Empresas de Correios e Tel\u00e9grafos e Similares), Jos\u00e9 Rivaldo da Silva, a maioria dos Estados j\u00e1 decidiu por suspender a greve iniciada h\u00e1 quase um m\u00eas.<\/p>\n<p><strong>Correios levar\u00e3o 10 dias para normalizar servi\u00e7o a partir de amanh\u00e3<\/strong><\/p>\n<p>Nos Estados em que as entidades regionais ainda n\u00e3o realizaram assembleia ap\u00f3s a decis\u00e3o do TST, na noite da \u00faltima ter\u00e7a-feira, os sindicatos e a federa\u00e7\u00e3o nacional v\u00e3o orientar os trabalhadores a cumprirem a decis\u00e3o do Justi\u00e7a.<\/p>\n<p>&#8220;A maioria dos trabalhadores j\u00e1 decidiu por come\u00e7ar a trabalhar na quinta-feira. A orienta\u00e7\u00e3o da federa\u00e7\u00e3o e dos sindicatos \u00e9 para cumprir a decis\u00e3o, mas a palavra final \u00e9 sempre das assembleias. Mas mesmo que um ou dois sindicatos decidam por manter a greve, a maioria vai trabalhar e o servi\u00e7o ser\u00e1 regularizado&#8221;, disse.<\/p>\n<p>A federa\u00e7\u00e3o afirma ainda que, mesmo nos Estados em que as assembleias s\u00f3 ser\u00e1 realizada amanh\u00e3, o retorno ao trabalho poder\u00e1 come\u00e7ar logo em seguida. De acordo com a Fentect, Distrito Federal, Rio de Janeiro, Maranh\u00e3o e Cear\u00e1 s\u00e3o alguns dos Estados que j\u00e1 decidiram por retomar as atividades amanh\u00e3 cedo.<\/p>\n<p>Em S\u00e3o Paulo, a assembleia ser\u00e1 realizada \u00e0s 18h desta quarta-feira. &#8220;A nossa orienta\u00e7\u00e3o \u00e9 para come\u00e7ar a trabalhar amanh\u00e3 de manh\u00e3 e cumprir a decis\u00e3o do TST. Foi uma vit\u00f3ria importante, chegamos onde poder\u00edamos chegar&#8221;, afirmou Arnaldo de Salvo J\u00fanior, do sindicato de S\u00e3o Paulo.<\/p>\n<p><strong>REAJUSTE<\/strong><\/p>\n<p>A decis\u00e3o do TST prev\u00ea reposi\u00e7\u00e3o na infla\u00e7\u00e3o de 6,87%, reajuste linear de R$ 80 a partir de outubro e um vale extra (alimenta\u00e7\u00e3o) \u00fanico de R$ 575. O resultado \u00e9 muito abaixo da reivindica\u00e7\u00e3o inicial dos trabalhadores, que pediram reajuste de 7,16%, reposi\u00e7\u00e3o das perdas dos \u00faltimos 16 anos de 24% e reajuste linear de R$ 400.<\/p>\n<p>A greve come\u00e7ou em 14 de setembro. A empresa manteve a vers\u00e3o, durante toda a greve, que a ades\u00e3o n\u00e3o passou de 25% dos 110 mil funcion\u00e1rios. Os funcion\u00e1rios chegaram a falar em 70%.<\/p>\n<p>Praticamente n\u00e3o houve fechamento de ag\u00eancias, mas a empresa calcula que 184 milh\u00f5es de cartas e encomendas tenham atrasado. <\/p>\n<p><a href = \"http:\/\/www1.folha.uol.com.br\/mercado\/989603-funcionarios-dos-correios-voltam-a-trabalhar-amanha-diz-federacao.shtml\" target = \"_news\"><b>FOLHA.COM<\/b><\/a><\/p>\n","protected":false},"excerpt":{"rendered":"<p>Os funcion\u00e1rios dos Correios v\u00e3o cumprir a ordem do TST (Tribunal Superior do Trabalho) e come\u00e7am a trabalhar a partir da madrugada desta quinta-feira. Segundo o secret\u00e1rio-geral da federa\u00e7\u00e3o da Fentect (Federa\u00e7\u00e3o dos Trabalhadores em Empresas de Correios e Tel\u00e9grafos e Similares), Jos\u00e9 Rivaldo da Silva, a maioria dos Estados j\u00e1 decidiu por suspender a [&hellip;]<\/p>\n","protected":false},"author":2,"featured_media":0,"comment_status":"open","ping_status":"open","sticky":false,"template":"","format":"standard","meta":{"_links_to":"","_links_to_target":""},"categories":[18],"tags":[],"_links":{"self":[{"href":"https:\/\/www.r2cpress.com.br\/v1\/wp-json\/wp\/v2\/posts\/26234"}],"collection":[{"href":"https:\/\/www.r2cpress.com.br\/v1\/wp-json\/wp\/v2\/posts"}],"about":[{"href":"https:\/\/www.r2cpress.com.br\/v1\/wp-json\/wp\/v2\/types\/post"}],"author":[{"embeddable":true,"href":"https:\/\/www.r2cpress.com.br\/v1\/wp-json\/wp\/v2\/users\/2"}],"replies":[{"embeddable":true,"href":"https:\/\/www.r2cpress.com.br\/v1\/wp-json\/wp\/v2\/comments?post=26234"}],"version-history":[{"count":2,"href":"https:\/\/www.r2cpress.com.br\/v1\/wp-json\/wp\/v2\/posts\/26234\/revisions"}],"predecessor-version":[{"id":26236,"href":"https:\/\/www.r2cpress.com.br\/v1\/wp-json\/wp\/v2\/posts\/26234\/revisions\/26236"}],"wp:attachment":[{"href":"https:\/\/www.r2cpress.com.br\/v1\/wp-json\/wp\/v2\/media?parent=26234"}],"wp:term":[{"taxonomy":"category","embeddable":true,"href":"https:\/\/www.r2cpress.com.br\/v1\/wp-json\/wp\/v2\/categories?post=26234"},{"taxonomy":"post_tag","embeddable":true,"href":"https:\/\/www.r2cpress.com.br\/v1\/wp-json\/wp\/v2\/tags?post=26234"}],"curies":[{"name":"wp","href":"https:\/\/api.w.org\/{rel}","templated":true}]}}