{"id":26256,"date":"2011-10-13T11:52:06","date_gmt":"2011-10-13T14:52:06","guid":{"rendered":"http:\/\/www.r2cpress.com.br\/v1\/?p=26256"},"modified":"2011-10-13T11:52:06","modified_gmt":"2011-10-13T14:52:06","slug":"baianos-saem-as-ruas-em-protesto-contra-corrupcao","status":"publish","type":"post","link":"https:\/\/www.r2cpress.com.br\/v1\/2011\/10\/13\/baianos-saem-as-ruas-em-protesto-contra-corrupcao\/","title":{"rendered":"Baianos saem \u00e0s ruas em protesto contra corrup\u00e7\u00e3o"},"content":{"rendered":"<p><strong>Cerca de 500 pessoas participaram da marcha contra a corrup\u00e7\u00e3o entre o Morro do Cristo e Ondina<\/strong><\/p>\n<p>As caras pintadas e o grito contra a corrup\u00e7\u00e3o lembravam um passado n\u00e3o t\u00e3o distante.  Jovens como os que foram para a rua pedir o impeachment de Collor fizeram uma manifesta\u00e7\u00e3o na orla de Salvador ontem \u00e0 tarde. O movimento Todos Contra a Corrup\u00e7\u00e3o reuniu cerca de 500 pessoas munidas de faixas, cartazes, apitos.<\/p>\n<p>Entre o Morro do Cristo e Ondina, a multid\u00e3o pedia que os corruptos fossem varridos do pa\u00eds. O movimento teve sua primeira edi\u00e7\u00e3o  no dia 20 de setembro. Naquela tarde, organizado por quatro amigos, pouca gente se engajou. Mas a semente foi plantada.<\/p>\n<p>Com a divulga\u00e7\u00e3o nas redes sociais, principalmente o Facebook, o Todos Contra a Corrup\u00e7\u00e3o atingiu os jovens e ganhou for\u00e7a. \u201cDepois que a gente botou na internet, o movimento \u2018bombou\u2019\u201d, confirmou um dos organizadores, o estudante Francisco Solla, de 17 anos.<\/p>\n<div id=\"attachment_26257\" style=\"width: 460px\" class=\"wp-caption aligncenter\"><a href=\"http:\/\/www.r2cpress.com.br\/v1\/wp-content\/uploads\/marcha-contra-corrup\u00e7\u00e3o-ssa-correio-da-bahia.jpg\"><img aria-describedby=\"caption-attachment-26257\" loading=\"lazy\" src=\"http:\/\/www.r2cpress.com.br\/v1\/wp-content\/uploads\/marcha-contra-corrup\u00e7\u00e3o-ssa-correio-da-bahia.jpg\" alt=\"\" title=\"marcha contra corrup\u00e7\u00e3o ssa correio da bahia\" width=\"450\" height=\"300\" class=\"size-full wp-image-26257\" srcset=\"https:\/\/www.r2cpress.com.br\/v1\/wp-content\/uploads\/marcha-contra-corrup\u00e7\u00e3o-ssa-correio-da-bahia.jpg 450w, https:\/\/www.r2cpress.com.br\/v1\/wp-content\/uploads\/marcha-contra-corrup\u00e7\u00e3o-ssa-correio-da-bahia-300x200.jpg 300w\" sizes=\"(max-width: 450px) 100vw, 450px\" \/><\/a><p id=\"caption-attachment-26257\" class=\"wp-caption-text\">Cerca de 500 pessoas participaram da marcha contra a corrup\u00e7\u00e3o entre o Morro do Cristo e Ondina<\/p><\/div>\n<p>O evento teve apoio da Ordem dos Advogados do Brasil (OAB-BA) e Associa\u00e7\u00e3o dos Magistrados da Bahia (Amab). \u201cEsse \u00e9 um momento que mostra a mobiliza\u00e7\u00e3o crescente em prol da honradez em nosso pa\u00eds\u201d, afirmou a presidente da Amab, Nartir Weber. Entre as dezenas de gritos de ordem, a cobran\u00e7a pela demora na constru\u00e7\u00e3o do metr\u00f4 e a aprova\u00e7\u00e3o do projeto Ficha Limpa. \u201cVoto secreto, n\u00e3o.<\/p>\n<p>Eu quero ver a cara do ladr\u00e3o\u201d, era outra reivindica\u00e7\u00e3o. O movimento n\u00e3o aconteceu somente em Salvador, mas tamb\u00e9m em outros 17 estados. Em Bras\u00edlia, em torno de 13 mil pessoas participaram da Marcha contra a Corrup\u00e7\u00e3o. Com faixas e vassouras, os manifestantes percorreram 1 quil\u00f4metro de dist\u00e2ncia na Esplanada dos Minist\u00e9rios,  seguindo do Museu da Rep\u00fablica at\u00e9 a Pra\u00e7a dos Tr\u00eas Poderes.<\/p>\n<p>&#8212;<br \/>\nReda\u00e7\u00e3o <a href = \"http:\/\/www.correio24horas.com.br\/noticias\/detalhes\/detalhes-1\/artigo\/baianos-saem-as-ruas-em-protesto-contra-corrupcao\/\" target = \"_news\"><b> CORREIO DA BAHIA<\/b><\/a><\/p>\n","protected":false},"excerpt":{"rendered":"<p>Cerca de 500 pessoas participaram da marcha contra a corrup\u00e7\u00e3o entre o Morro do Cristo e Ondina As caras pintadas e o grito contra a corrup\u00e7\u00e3o lembravam um passado n\u00e3o t\u00e3o distante. Jovens como os que foram para a rua pedir o impeachment de Collor fizeram uma manifesta\u00e7\u00e3o na orla de Salvador ontem \u00e0 tarde. [&hellip;]<\/p>\n","protected":false},"author":2,"featured_media":0,"comment_status":"open","ping_status":"open","sticky":false,"template":"","format":"standard","meta":{"_links_to":"","_links_to_target":""},"categories":[13],"tags":[],"_links":{"self":[{"href":"https:\/\/www.r2cpress.com.br\/v1\/wp-json\/wp\/v2\/posts\/26256"}],"collection":[{"href":"https:\/\/www.r2cpress.com.br\/v1\/wp-json\/wp\/v2\/posts"}],"about":[{"href":"https:\/\/www.r2cpress.com.br\/v1\/wp-json\/wp\/v2\/types\/post"}],"author":[{"embeddable":true,"href":"https:\/\/www.r2cpress.com.br\/v1\/wp-json\/wp\/v2\/users\/2"}],"replies":[{"embeddable":true,"href":"https:\/\/www.r2cpress.com.br\/v1\/wp-json\/wp\/v2\/comments?post=26256"}],"version-history":[{"count":3,"href":"https:\/\/www.r2cpress.com.br\/v1\/wp-json\/wp\/v2\/posts\/26256\/revisions"}],"predecessor-version":[{"id":26260,"href":"https:\/\/www.r2cpress.com.br\/v1\/wp-json\/wp\/v2\/posts\/26256\/revisions\/26260"}],"wp:attachment":[{"href":"https:\/\/www.r2cpress.com.br\/v1\/wp-json\/wp\/v2\/media?parent=26256"}],"wp:term":[{"taxonomy":"category","embeddable":true,"href":"https:\/\/www.r2cpress.com.br\/v1\/wp-json\/wp\/v2\/categories?post=26256"},{"taxonomy":"post_tag","embeddable":true,"href":"https:\/\/www.r2cpress.com.br\/v1\/wp-json\/wp\/v2\/tags?post=26256"}],"curies":[{"name":"wp","href":"https:\/\/api.w.org\/{rel}","templated":true}]}}