{"id":26268,"date":"2011-10-13T14:30:54","date_gmt":"2011-10-13T17:30:54","guid":{"rendered":"http:\/\/www.r2cpress.com.br\/v1\/?p=26268"},"modified":"2011-10-13T14:30:54","modified_gmt":"2011-10-13T17:30:54","slug":"prefeitura-municipal-de-ilheus-215","status":"publish","type":"post","link":"https:\/\/www.r2cpress.com.br\/v1\/2011\/10\/13\/prefeitura-municipal-de-ilheus-215\/","title":{"rendered":"Prefeitura Municipal de Ilh\u00e9us"},"content":{"rendered":"<p>Confer\u00eancia Territorial de Cultura ser\u00e1 aberta no domingo em Ilh\u00e9us<br \/>\n Conselho Tutelar promove Dia das Crian\u00e7as em comunidade carente<br \/>\nEm Ilh\u00e9us, 129 candidatos conseguem habilita\u00e7\u00e3o para o cargo de salva-vidas<br \/>\nAtendimento ao Bolsa Fam\u00edlia ser\u00e1 estendido aos Centros de Refer\u00eancia da Assist\u00eancia Social<\/p>\n<p><!--more--><\/p>\n<p>***<\/p>\n<p><strong>Confer\u00eancia Territorial de Cultura ser\u00e1 aberta no domingo em Ilh\u00e9us<\/strong><\/p>\n<p>A abertura da Confer\u00eancia Territorial de Cultura, prevista para acontecer \u00e0s 18h30min do pr\u00f3ximo domingo (16), no Teatro Municipal de Ilh\u00e9us (TMI), ser\u00e1 marcada por diversas apresenta\u00e7\u00f5es art\u00edsticas. De acordo com a programa\u00e7\u00e3o, j\u00e1 est\u00e3o confirmadas as apresenta\u00e7\u00f5es do Ritual Porancyn, da Aldeia Tupinamb\u00e1 de Oliven\u00e7a, e do Ballet Afro Dilazenze. Durante o encontro, que debater\u00e1 propostas voltadas para a formata\u00e7\u00e3o do plano territorial de cultura, a cidade de Ilh\u00e9us ser\u00e1 representada por nove delegados (3 do poder p\u00fablico e 6 da sociedade civil), eleitos na confer\u00eancia municipal, ocorrida nos dias 24, 25, 28 e 29 do m\u00eas passado. <\/p>\n<p>A cerim\u00f4nia de abertura, que contar\u00e1 com a participa\u00e7\u00e3o do prefeito Newton Lima, dever\u00e1 reunir representantes dos 26 munic\u00edpios ligados ao territ\u00f3rio Litoral Sul, estando confirmada a presen\u00e7a do secret\u00e1rio estadual de Cultura, Albino Rubim. Os organizadores da confer\u00eancia tamb\u00e9m esperam a presen\u00e7a da assessora do Minist\u00e9rio da Cultura \u2013 Representa\u00e7\u00e3o Bahia, Camila Cestari. \u201cAl\u00e9m das diversas autoridades, tamb\u00e9m estamos contando com a presen\u00e7a de artistas, t\u00e9cnicos, dirigentes municipais de cultura do Litoral Sul, delegados eleitos nas confer\u00eancias municipais e representantes da comunidade em geral, entre v\u00e1rios outros\u201d, afirma Maur\u00edcio Corso, presidente da Funda\u00e7\u00e3o Cultural de Ilh\u00e9us (Fundaci).<\/p>\n<p>Segundo a programa\u00e7\u00e3o da Confer\u00eancia Territorial, no dia 17, os trabalhos ter\u00e3o in\u00edcio \u00e0s 8 horas com a apresenta\u00e7\u00e3o dos grupos tem\u00e1ticos, exibi\u00e7\u00e3o de v\u00eddeo com a metodologia da IV Confer\u00eancia Estadual de Cultura, prevista para acontecer em Vit\u00f3ria da Conquista, no per\u00edodo de 30 de novembro a 3 de dezembro, leitura das propostas elaboradas nas confer\u00eancias municipais e debate das propostas que poder\u00e3o ser transformadas em projetos. No per\u00edodo da tarde, a partir das 13h30min, grupos de trabalho, cadastramento de propostas, apresenta\u00e7\u00e3o de resultados, plen\u00e1ria com as propostas debatidas e elei\u00e7\u00e3o dos delegados para a etapa estadual.<\/p>\n<p><strong> Conselho Tutelar promove Dia das Crian\u00e7as em comunidade carente<\/strong><\/p>\n<p>O Conselho Tutelar de Ilh\u00e9us realizou na \u00faltima semana festa para as crian\u00e7as da comunidade Cuminho e Corante, na Barra de Ita\u00edpe, zona norte de Ilh\u00e9us. O evento comemorou antecipadamente o Dia das Crian\u00e7as e fez parte da programa\u00e7\u00e3o do projeto \u201cFa\u00e7a uma crian\u00e7a sorrir\u201d, desenvolvido pela equipe do \u00f3rg\u00e3o com o objetivo de levar at\u00e9 crian\u00e7as carentes da cidade um momento de descontra\u00e7\u00e3o e alegria. <\/p>\n<p>Cerca de 400 crian\u00e7as participaram de diversas atividades, como distribui\u00e7\u00e3o de doces, cachorro-quente e algod\u00e3o doce, sorteio de brindes e brincadeiras. O evento foi realizado em parceria com comerciantes e volunt\u00e1rios que aderiram \u00e0 campanha. \u201cEsse \u00e9 o primeiro de uma s\u00e9rie de eventos que ser\u00e3o realizados, principalmente em comunidades carentes, esperando contar sempre com o apoio da sociedade\u201d, explicou Marcos Teles, coordenador do Conselho Tutelar.<\/p>\n<p>O Conselho Tutelar \u00e9 um \u00f3rg\u00e3o vinculado \u00e0 secretaria municipal de Assist\u00eancia Social e Trabalho e tem como principal atribui\u00e7\u00e3o defender os direitos da crian\u00e7a e do adolescente. O \u00f3rg\u00e3o funciona na Rua Dom Manuel Paiva (antiga Rua do Caf\u00e9) na Travessa Lusit\u00e2nia, n\u00ba 18. Maiores podem ser obtidas por meio do telefone (73) 3231 \u2013 7311. <\/p>\n<p><strong>Em Ilh\u00e9us, 129 candidatos conseguem habilita\u00e7\u00e3o para o cargo de salva-vidas<\/strong><\/p>\n<p>Ap\u00f3s a realiza\u00e7\u00e3o das provas pr\u00e1ticas e objetivas, 129 candidatos ficaram habilitados para o cargo de salva-vidas do Concurso P\u00fablico da Prefeitura de Ilh\u00e9us. O resultado j\u00e1 pode ser conferido pelos interessados no site da SR \u2013 Concursos e Pesquisas Ltda, empresa respons\u00e1vel pelo certame (www.srconcursosepesquisas.com.br). De acordo com o secret\u00e1rio de Administra\u00e7\u00e3o, Gabriel Fonseca, o resultado final para salva-vidas e para os demais cargos sair\u00e1 logo ap\u00f3s o julgamento dos \u00faltimos recursos interpostos. <\/p>\n<p>Realizado no dia 8 de maio, o concurso est\u00e1 oferecendo 548 vagas no quadro de servidores p\u00fablicos municipais, sendo que, deste total, cinq\u00fcenta s\u00e3o destinadas ao cargo de salva-vidas. As demais vagas s\u00e3o para os cargos de ge\u00f3grafos, professores, motoristas, vigilantes, nutricionistas, merendeiros, agentes administrativos, engenheiros ambientais e engenheiros agr\u00f4nomos. Os candidatos aprovados ser\u00e3o convocados num per\u00edodo de 2 anos a contar           da homologa\u00e7\u00e3o e de acordo com a necessidade da administra\u00e7\u00e3o p\u00fablica. <\/p>\n<p>\u201cNo que concerne especificamente aos cargos de salva-vidas, os futuros convocados se juntar\u00e3o aos 35 que, atualmente, integram o quadro de servidores\u201d, diz Gabriel Fonseca. Segundo ele, o objetivo do governo, com a futura convoca\u00e7\u00e3o dos novos salva-vidas, \u00e9 fortalecer a seguran\u00e7a e a fiscaliza\u00e7\u00e3o nas praias da cidade. \u201cEm virtude de sua voca\u00e7\u00e3o tur\u00edstica, Ilh\u00e9us precisa se preparar cada vez melhor para receber os milhares de turistas que nos visitam todos os anos, principalmente na alta esta\u00e7\u00e3o\u201d, conclui o secret\u00e1rio.<\/p>\n<p><strong>Atendimento ao Bolsa Fam\u00edlia ser\u00e1 estendido aos Centros de Refer\u00eancia da Assist\u00eancia Social<\/strong><\/p>\n<p>As fam\u00edlias que ainda n\u00e3o se recadastraram no programa de transfer\u00eancia de renda Bolsa Fam\u00edlia em Ilh\u00e9us t\u00eam at\u00e9 o fim do ano para realizar o procedimento junto \u00e0 sede da secretaria municipal de Assist\u00eancia Social e Trabalho. O prazo, que se encerraria no pr\u00f3ximo dia 31, foi estendido com o objetivo de ampliar o atendimento e beneficiar as fam\u00edlias que h\u00e1 mais de dois anos n\u00e3o realizam a atualiza\u00e7\u00e3o dos dados. Em Ilh\u00e9us, o programa beneficia atualmente 23.414 pessoas, e destas, 4.720, necessitam realizar o recadastramento.<\/p>\n<p>O atendimento ao Programa Bolsa Fam\u00edlia em Ilh\u00e9us \u00e9 realizado de segunda \u00e0 sexta-feira, das 7h \u00e0s 13h, na sede da secretaria de Assist\u00eancia Social e Trabalho, localizada na av. Soares Lopes, n\u00ba 1024. Todos os dias, 80 pessoas s\u00e3o atendidas e a maior parte \u00e9 destinada ao recadastramento ao benef\u00edcio, segundo explicou o respons\u00e1vel pelo programa em Ilh\u00e9us, Pedro Leite. J\u00e1 o atendimento \u00e0s fam\u00edlias que buscam ingressar no programa \u00e9 apenas agendado na secretaria, que designa um t\u00e9cnico para ir at\u00e9 \u00e0 casa do poss\u00edvel beneficiado realizar entrevista. <\/p>\n<p>A partir dos pr\u00f3ximos dias, o atendimento ao programa tamb\u00e9m ser\u00e1 realizado nos Centros de Refer\u00eancia da Assist\u00eancia Social (Cras), espalhados pelo munic\u00edpio. \u201cO trabalho ser\u00e1 iniciado nos Cras dos bairros Teot\u00f4nio Vilela e Oliven\u00e7a, e em seguida se estende aos do Nossa Senhora da Vit\u00f3ria, Barra do Ita\u00edpe e Banco da Vit\u00f3ria. A Prefeitura de Ilh\u00e9us tamb\u00e9m est\u00e1 viabilizando a cria\u00e7\u00e3o da Casa do Bolsa Fam\u00edlia, como forma de ampliar o atendimento ao programa, garantindo inclusive, que seja feita no local a pesagem das crian\u00e7as assistidas pelo programa, procedimento obrigat\u00f3rio de acompanhamento do programa, e que conta com o apoio de profissionais da secretaria de Sa\u00fade. Na Casa do Bolsa Fam\u00edlia tamb\u00e9m funcionar\u00e1 o Sistema de vigil\u00e2ncia Alimentar e Nutricional (Sisvan), por uma decis\u00e3o do prefeito Newton Lima.<\/p>\n<p>O Bolsa Fam\u00edlia \u00e9 um programa do Governo Federal que procura beneficiar fam\u00edlias que vivem em situa\u00e7\u00e3o de pobreza, por meio da transfer\u00eancia de renda. O programa faz parte do Fome Zero, que tem o objetivo de assegurar o direito humano \u00e0 alimenta\u00e7\u00e3o adequada, promovendo a seguran\u00e7a alimentar e nutricional, contribuindo para a conquista da cidadania pela popula\u00e7\u00e3o mais vulner\u00e1vel \u00e0 fome. O Bolsa Fam\u00edlia atende mais de 12 milh\u00f5es de fam\u00edlias em todo territ\u00f3rio nacional.  <\/p>\n<p>O benef\u00edcio varia entre R$ 32,00 e R$ 242,00, e para ter acesso \u00e9 necess\u00e1rio que a fam\u00edlia tenha uma renda m\u00ednima de at\u00e9 R$ 140,00 por pessoa, que ser\u00e1 somada e dividida entre o n\u00famero de moradores da casa. Se o valor encontrado se encaixar em algum perfil do programa, essa fam\u00edlia deve se dirigir \u00e0 secretaria de Assist\u00eancia Social e Trabalho, levando todos os documentos dos familiares e solicitar a sua inclus\u00e3o no Bolsa Fam\u00edlia.  <\/p>\n","protected":false},"excerpt":{"rendered":"<p>Confer\u00eancia Territorial de Cultura ser\u00e1 aberta no domingo em Ilh\u00e9us Conselho Tutelar promove Dia das Crian\u00e7as em comunidade carente Em Ilh\u00e9us, 129 candidatos conseguem habilita\u00e7\u00e3o para o cargo de salva-vidas Atendimento ao Bolsa Fam\u00edlia ser\u00e1 estendido aos Centros de Refer\u00eancia da Assist\u00eancia Social<\/p>\n","protected":false},"author":2,"featured_media":0,"comment_status":"open","ping_status":"open","sticky":false,"template":"","format":"standard","meta":{"_links_to":"","_links_to_target":""},"categories":[23],"tags":[],"_links":{"self":[{"href":"https:\/\/www.r2cpress.com.br\/v1\/wp-json\/wp\/v2\/posts\/26268"}],"collection":[{"href":"https:\/\/www.r2cpress.com.br\/v1\/wp-json\/wp\/v2\/posts"}],"about":[{"href":"https:\/\/www.r2cpress.com.br\/v1\/wp-json\/wp\/v2\/types\/post"}],"author":[{"embeddable":true,"href":"https:\/\/www.r2cpress.com.br\/v1\/wp-json\/wp\/v2\/users\/2"}],"replies":[{"embeddable":true,"href":"https:\/\/www.r2cpress.com.br\/v1\/wp-json\/wp\/v2\/comments?post=26268"}],"version-history":[{"count":2,"href":"https:\/\/www.r2cpress.com.br\/v1\/wp-json\/wp\/v2\/posts\/26268\/revisions"}],"predecessor-version":[{"id":26270,"href":"https:\/\/www.r2cpress.com.br\/v1\/wp-json\/wp\/v2\/posts\/26268\/revisions\/26270"}],"wp:attachment":[{"href":"https:\/\/www.r2cpress.com.br\/v1\/wp-json\/wp\/v2\/media?parent=26268"}],"wp:term":[{"taxonomy":"category","embeddable":true,"href":"https:\/\/www.r2cpress.com.br\/v1\/wp-json\/wp\/v2\/categories?post=26268"},{"taxonomy":"post_tag","embeddable":true,"href":"https:\/\/www.r2cpress.com.br\/v1\/wp-json\/wp\/v2\/tags?post=26268"}],"curies":[{"name":"wp","href":"https:\/\/api.w.org\/{rel}","templated":true}]}}