{"id":26271,"date":"2011-10-13T14:35:54","date_gmt":"2011-10-13T17:35:54","guid":{"rendered":"http:\/\/www.r2cpress.com.br\/v1\/?p=26271"},"modified":"2011-10-13T14:35:54","modified_gmt":"2011-10-13T17:35:54","slug":"pernilongos-na-administracao-publica","status":"publish","type":"post","link":"https:\/\/www.r2cpress.com.br\/v1\/2011\/10\/13\/pernilongos-na-administracao-publica\/","title":{"rendered":"Pernilongos na Administra\u00e7\u00e3o P\u00fablica"},"content":{"rendered":"<p>De: Raphael Adami <raphael_adami @hotmail.com><br \/>\nAssunto: Pernilongos na Administra\u00e7\u00e3o P\u00fablica<\/p>\n<p>Corpo da mensagem:<br \/>\n   Ilh\u00e9us est\u00e1 sendo administrada pelos PERNILONGOS!!! J\u00e1 que nossos governantes est\u00e3o &#8220;ausentes&#8221;, os MOSQUITOS tomaram conta, deixando nossas noites em Ilh\u00e9us ainda mais &#8220;agrad\u00e1veis&#8221; &#8220;fazendo a festa&#8221;!! Se bem que n\u00e3o tem muita diferen\u00e7a destes para aqueles administradores, pois ambos &#8220;fazem a festa&#8221; e ambos, SANGUESSUGAS!!!!<br \/>\n   N\u00e3o adianta comprar raquete, SBP, RAID, BYGON, enquanto a prefeitura n\u00e3o enviar o FUMAC\u00ca para os bairros. N\u00e3o s\u00e3o casos isolados, a cidade est\u00e1 infestada e ,a priori, o que podemos fazer \u00e9 mostrar nossa indigna\u00e7\u00e3o e cuidar para que esta mensagem seja transmitida, at\u00e9 que algu\u00e9m possa efetivar uma a\u00e7\u00e3o! Enquanto isso n\u00e3o acontecer vou passando \u00f3leo de citronela pra &#8220;segurar a onda&#8221;.<br \/>\n   Quero s\u00f3 ver quando o Aedes tomar conta o que vai ser. Na verdade ja est\u00e1 tomando em muitos lugares! Se n\u00e3o aplicar recursos agora, ter\u00e1 consequ\u00eancias na sa\u00fade.<br \/>\n   O que a nossa cidade precisa \u00e9 de a\u00e7\u00f5es e pol\u00edticas verdadeiras. E se o atual governo achar que n\u00e3o est\u00e1 ausente, que mostre isso ao povo!<\/p>\n<p>Raphael Adami<\/p>\n<p>&#8212;<br \/>\nEsta mensagem foi enviada atrav\u00e9s do formul\u00e1rio de contato do site R2CPRESS | A Letra Fria da Verdade http:\/\/www.r2cpress.com.br\/v1<\/raphael_adami><\/p>\n","protected":false},"excerpt":{"rendered":"<p>De: Raphael Adami Assunto: Pernilongos na Administra\u00e7\u00e3o P\u00fablica Corpo da mensagem: Ilh\u00e9us est\u00e1 sendo administrada pelos PERNILONGOS!!! J\u00e1 que nossos governantes est\u00e3o &#8220;ausentes&#8221;, os MOSQUITOS tomaram conta, deixando nossas noites em Ilh\u00e9us ainda mais &#8220;agrad\u00e1veis&#8221; &#8220;fazendo a festa&#8221;!! Se bem que n\u00e3o tem muita diferen\u00e7a destes para aqueles administradores, pois ambos &#8220;fazem a festa&#8221; e [&hellip;]<\/p>\n","protected":false},"author":2,"featured_media":0,"comment_status":"open","ping_status":"open","sticky":false,"template":"","format":"standard","meta":{"_links_to":"","_links_to_target":""},"categories":[10],"tags":[],"_links":{"self":[{"href":"https:\/\/www.r2cpress.com.br\/v1\/wp-json\/wp\/v2\/posts\/26271"}],"collection":[{"href":"https:\/\/www.r2cpress.com.br\/v1\/wp-json\/wp\/v2\/posts"}],"about":[{"href":"https:\/\/www.r2cpress.com.br\/v1\/wp-json\/wp\/v2\/types\/post"}],"author":[{"embeddable":true,"href":"https:\/\/www.r2cpress.com.br\/v1\/wp-json\/wp\/v2\/users\/2"}],"replies":[{"embeddable":true,"href":"https:\/\/www.r2cpress.com.br\/v1\/wp-json\/wp\/v2\/comments?post=26271"}],"version-history":[{"count":2,"href":"https:\/\/www.r2cpress.com.br\/v1\/wp-json\/wp\/v2\/posts\/26271\/revisions"}],"predecessor-version":[{"id":26273,"href":"https:\/\/www.r2cpress.com.br\/v1\/wp-json\/wp\/v2\/posts\/26271\/revisions\/26273"}],"wp:attachment":[{"href":"https:\/\/www.r2cpress.com.br\/v1\/wp-json\/wp\/v2\/media?parent=26271"}],"wp:term":[{"taxonomy":"category","embeddable":true,"href":"https:\/\/www.r2cpress.com.br\/v1\/wp-json\/wp\/v2\/categories?post=26271"},{"taxonomy":"post_tag","embeddable":true,"href":"https:\/\/www.r2cpress.com.br\/v1\/wp-json\/wp\/v2\/tags?post=26271"}],"curies":[{"name":"wp","href":"https:\/\/api.w.org\/{rel}","templated":true}]}}