{"id":26274,"date":"2011-10-13T14:46:08","date_gmt":"2011-10-13T17:46:08","guid":{"rendered":"http:\/\/www.r2cpress.com.br\/v1\/?p=26274"},"modified":"2011-10-13T14:46:08","modified_gmt":"2011-10-13T17:46:08","slug":"turismo-em-cachoeira-e-sao-felix","status":"publish","type":"post","link":"https:\/\/www.r2cpress.com.br\/v1\/2011\/10\/13\/turismo-em-cachoeira-e-sao-felix\/","title":{"rendered":"TURISMO EM CACHOEIRA E S\u00c3O FELIX"},"content":{"rendered":"<p>Rabat:<\/p>\n<p>Veja a seguir not\u00edcia publicada, hoje, pela SECOM &#8211; Secretaria de<br \/>\nComunica\u00e7\u00e3o Social do Estado da Bahia.<br \/>\nFica aqui a minha pergunta: E O TURISMO EM ILH\u00c9US, COMO VAI?<br \/>\nEstamos participando do PRODETUR?<\/p>\n<p>Carlos da Silva Mascarenhas<br \/>\ncarlos.consultic@gmail.com<br \/>\n73 8147-0607<\/p>\n<p><strong>CACHOEIRA E S\u00c3O F\u00c9LIX ASSINAM TERMO DE ADES\u00c3O DO PRODETUR<\/strong><br \/>\nAs prefeituras de Cachoeira e S\u00e3o F\u00e9lix, munic\u00edpios do Rec\u00f4ncavo<br \/>\nBaiano localizados na Zona Tur\u00edstica Ba\u00eda de Todos-os-Santos,<br \/>\nassinaram quarta-feira (12) o termo de ades\u00e3o para participa\u00e7\u00e3o no<br \/>\nPrograma de Desenvolvimento do Turismo (Prodetur), que prev\u00ea<br \/>\ninvestimentos de US$ 85 milh\u00f5es e contar\u00e1 com financiamento do Banco<br \/>\nInteramericano de Desenvolvimento (BID) e governo federal, via<br \/>\nMinist\u00e9rio do Turismo.<\/p>\n<p>O ato contou com a presen\u00e7a do secret\u00e1rio estadual do Turismo,<br \/>\nDomingos Leonelli, e dos prefeitos Tato Pereira (Cachoeira) e Alex<br \/>\nSandro Brito (S\u00e3o F\u00e9lix). O documento estabelece as atribui\u00e7\u00f5es de<br \/>\ncada esfera dentro da iniciativa, que prev\u00ea a requalifica\u00e7\u00e3o tur\u00edstica<br \/>\nda Ba\u00eda de Todos-os-Santos, principalmente com rela\u00e7\u00e3o ao turismo<br \/>\nn\u00e1utico.<\/p>\n<p>Para Leonelli, que tamb\u00e9m visitou a Festa Liter\u00e1ria Internacional de<br \/>\nCachoeira (Flica), o Prodetur vai consolidar Cachoeira e S\u00e3o F\u00e9lix<br \/>\ncomo munic\u00edpios culturais e tur\u00edsticos da Bahia.<\/p>\n","protected":false},"excerpt":{"rendered":"<p>Rabat: Veja a seguir not\u00edcia publicada, hoje, pela SECOM &#8211; Secretaria de Comunica\u00e7\u00e3o Social do Estado da Bahia. Fica aqui a minha pergunta: E O TURISMO EM ILH\u00c9US, COMO VAI? Estamos participando do PRODETUR? Carlos da Silva Mascarenhas carlos.consultic@gmail.com 73 8147-0607 CACHOEIRA E S\u00c3O F\u00c9LIX ASSINAM TERMO DE ADES\u00c3O DO PRODETUR As prefeituras de Cachoeira [&hellip;]<\/p>\n","protected":false},"author":2,"featured_media":0,"comment_status":"open","ping_status":"open","sticky":false,"template":"","format":"standard","meta":{"_links_to":"","_links_to_target":""},"categories":[10],"tags":[],"_links":{"self":[{"href":"https:\/\/www.r2cpress.com.br\/v1\/wp-json\/wp\/v2\/posts\/26274"}],"collection":[{"href":"https:\/\/www.r2cpress.com.br\/v1\/wp-json\/wp\/v2\/posts"}],"about":[{"href":"https:\/\/www.r2cpress.com.br\/v1\/wp-json\/wp\/v2\/types\/post"}],"author":[{"embeddable":true,"href":"https:\/\/www.r2cpress.com.br\/v1\/wp-json\/wp\/v2\/users\/2"}],"replies":[{"embeddable":true,"href":"https:\/\/www.r2cpress.com.br\/v1\/wp-json\/wp\/v2\/comments?post=26274"}],"version-history":[{"count":2,"href":"https:\/\/www.r2cpress.com.br\/v1\/wp-json\/wp\/v2\/posts\/26274\/revisions"}],"predecessor-version":[{"id":26276,"href":"https:\/\/www.r2cpress.com.br\/v1\/wp-json\/wp\/v2\/posts\/26274\/revisions\/26276"}],"wp:attachment":[{"href":"https:\/\/www.r2cpress.com.br\/v1\/wp-json\/wp\/v2\/media?parent=26274"}],"wp:term":[{"taxonomy":"category","embeddable":true,"href":"https:\/\/www.r2cpress.com.br\/v1\/wp-json\/wp\/v2\/categories?post=26274"},{"taxonomy":"post_tag","embeddable":true,"href":"https:\/\/www.r2cpress.com.br\/v1\/wp-json\/wp\/v2\/tags?post=26274"}],"curies":[{"name":"wp","href":"https:\/\/api.w.org\/{rel}","templated":true}]}}