{"id":26332,"date":"2011-10-14T09:50:00","date_gmt":"2011-10-14T12:50:00","guid":{"rendered":"http:\/\/www.r2cpress.com.br\/v1\/?p=26332"},"modified":"2011-10-14T09:50:00","modified_gmt":"2011-10-14T12:50:00","slug":"ciretran-de-ilheus-realiza-leilao-nesta-terca-feira","status":"publish","type":"post","link":"https:\/\/www.r2cpress.com.br\/v1\/2011\/10\/14\/ciretran-de-ilheus-realiza-leilao-nesta-terca-feira\/","title":{"rendered":"Ciretran de Ilh\u00e9us realiza  leil\u00e3o nesta ter\u00e7a-feira"},"content":{"rendered":"<div id=\"attachment_26333\" style=\"width: 210px\" class=\"wp-caption alignright\"><a href=\"http:\/\/www.r2cpress.com.br\/v1\/wp-content\/uploads\/Antonio-Ocke.jpg\"><img aria-describedby=\"caption-attachment-26333\" loading=\"lazy\" class=\"size-full wp-image-26333\" title=\"Antonio Ocke\" src=\"http:\/\/www.r2cpress.com.br\/v1\/wp-content\/uploads\/Antonio-Ocke.jpg\" alt=\"\" width=\"200\" height=\"232\" \/><\/a><p id=\"caption-attachment-26333\" class=\"wp-caption-text\">Antonio Ocke<\/p><\/div>\n<p>A 13\u00aa Ciretran<strong> <\/strong>realiza nesta ter\u00e7a-feira (18), a partir das 8h30min, em sua sede, leil\u00e3o de ve\u00edculos, promovido pelo Departamento Estadual de Tr\u00e2nsito (Detran). O diretor-regional do \u00f3rg\u00e3o em Ilh\u00e9us, Antonio Ock\u00e9, disse que os ve\u00edculos que est\u00e3o estacionados no p\u00e1tio da institui\u00e7\u00e3o, situado no bairro do Iguape, foram apreendidos e n\u00e3o retirados pelos propriet\u00e1rios dentro do prazo previsto. Ao todo, s\u00e3o 69 autos \u2013 entre carros de passeio com documenta\u00e7\u00e3o irregular, al\u00e9m de sucatas, ve\u00edculos sem condi\u00e7\u00f5es de uso.<\/p>\n<p>Antonio Ock\u00e9 explicou que c\u00f3pia do edital pode ser retirada gratuitamente no balc\u00e3o de informa\u00e7\u00f5es da Ciretran, em hor\u00e1rio comercial, atrav\u00e9s do site do Detran (<a href=\"http:\/\/www.detran.ba.gov.br\/\">WWW.detran.ba.gov.br<\/a>) ou\u00a0 ainda no site do leiloeiro Miguel Paulo Rodrigues da Silva (<a href=\"http:\/\/www.mpleiloes.com.br\/\">WWW.mpleiloes.com.br<\/a>). Pode participar do leil\u00e3o qualquer pessoa, f\u00edsica ou jur\u00eddica. No ato da arremata\u00e7\u00e3o ser\u00e1 exigida a apresenta\u00e7\u00e3o (originais) do CGC ou do CPF, carteira de identidade e comprovante de resid\u00eancia, sob pena de nulidade do lance.<\/p>\n<p>Segundo o diretor-regional do \u00f3rg\u00e3o em Ilh\u00e9us, o lote ser\u00e1 arrematado pelo maior pre\u00e7o oferecido, a partir do valor da avalia\u00e7\u00e3o, que ser\u00e1 o lance oficial. Antonio Ock\u00e9 lembrar que \u201cvale ressaltar, que no ato da arremata\u00e7\u00e3o, o licitante vencedor pagar\u00e1 o valor integral do total do lance, em moeda corrente do pa\u00eds ou em cheque, sendo que, em caso de pagamento com cheque, s\u00f3 ser\u00e1 emitida nota fiscal ap\u00f3s sua compensa\u00e7\u00e3o banc\u00e1ria\u201d.<\/p>\n<p>&#8212;<\/p>\n<p><strong>Ciretran de Ilh\u00e9us, <\/strong><\/p>\n","protected":false},"excerpt":{"rendered":"<p>A 13\u00aa Ciretran realiza nesta ter\u00e7a-feira (18), a partir das 8h30min, em sua sede, leil\u00e3o de ve\u00edculos, promovido pelo Departamento Estadual de Tr\u00e2nsito (Detran). O diretor-regional do \u00f3rg\u00e3o em Ilh\u00e9us, Antonio Ock\u00e9, disse que os ve\u00edculos que est\u00e3o estacionados no p\u00e1tio da institui\u00e7\u00e3o, situado no bairro do Iguape, foram apreendidos e n\u00e3o retirados pelos propriet\u00e1rios [&hellip;]<\/p>\n","protected":false},"author":2,"featured_media":0,"comment_status":"open","ping_status":"open","sticky":false,"template":"","format":"standard","meta":{"_links_to":"","_links_to_target":""},"categories":[25],"tags":[],"_links":{"self":[{"href":"https:\/\/www.r2cpress.com.br\/v1\/wp-json\/wp\/v2\/posts\/26332"}],"collection":[{"href":"https:\/\/www.r2cpress.com.br\/v1\/wp-json\/wp\/v2\/posts"}],"about":[{"href":"https:\/\/www.r2cpress.com.br\/v1\/wp-json\/wp\/v2\/types\/post"}],"author":[{"embeddable":true,"href":"https:\/\/www.r2cpress.com.br\/v1\/wp-json\/wp\/v2\/users\/2"}],"replies":[{"embeddable":true,"href":"https:\/\/www.r2cpress.com.br\/v1\/wp-json\/wp\/v2\/comments?post=26332"}],"version-history":[{"count":2,"href":"https:\/\/www.r2cpress.com.br\/v1\/wp-json\/wp\/v2\/posts\/26332\/revisions"}],"predecessor-version":[{"id":26335,"href":"https:\/\/www.r2cpress.com.br\/v1\/wp-json\/wp\/v2\/posts\/26332\/revisions\/26335"}],"wp:attachment":[{"href":"https:\/\/www.r2cpress.com.br\/v1\/wp-json\/wp\/v2\/media?parent=26332"}],"wp:term":[{"taxonomy":"category","embeddable":true,"href":"https:\/\/www.r2cpress.com.br\/v1\/wp-json\/wp\/v2\/categories?post=26332"},{"taxonomy":"post_tag","embeddable":true,"href":"https:\/\/www.r2cpress.com.br\/v1\/wp-json\/wp\/v2\/tags?post=26332"}],"curies":[{"name":"wp","href":"https:\/\/api.w.org\/{rel}","templated":true}]}}