{"id":26341,"date":"2011-10-14T10:22:11","date_gmt":"2011-10-14T13:22:11","guid":{"rendered":"http:\/\/www.r2cpress.com.br\/v1\/?p=26341"},"modified":"2011-10-14T10:22:11","modified_gmt":"2011-10-14T13:22:11","slug":"as-maravilhas-de-salvador-texto-recebido-sem-autoria","status":"publish","type":"post","link":"https:\/\/www.r2cpress.com.br\/v1\/2011\/10\/14\/as-maravilhas-de-salvador-texto-recebido-sem-autoria\/","title":{"rendered":"As maravilhas de Salvador &#8211; (texto recebido sem autoria)"},"content":{"rendered":"<p>Grande Rabat !<\/p>\n<div dir=\"ltr\">Veja se tem ALGUMA semelhan\u00e7a com os problemas da NOSSA QUERIDA Ilh\u00e9us!<\/div>\n<div dir=\"ltr\">Abs, KDT<\/div>\n<div dir=\"ltr\">&#8212;<\/div>\n<p>Lagoa do Abaet\u00e9, Elevador Lacerda e Pelourinho j\u00e1 eram. Esses cart\u00f5es-postais n\u00e3o mais existem a n\u00e3o ser no imagin\u00e1rio dos turistas. Os baianos est\u00e3o carecas de saber que o sujeito arrisca-se a encontrar as cabines do elevador em manuten\u00e7\u00e3o, ou os funcion\u00e1rios em greve, e o Pel\u00f4, quem se atreve a ir hoje em dia? O Pelourinho deixou de ser um atrativo tur\u00edstico, relegado ao abandono do poder p\u00fablico, assim como a Lagoa do Abaet\u00e9 que n\u00e3o mais \u00e9 a lagoa escura arrodeada de areia branca de Caymmi. Est\u00e1 na hora de renovarmos os cart\u00f5es-postais da cidade e nessa iniciativa sugiro, como Sidon que elencou as Sete Maravilhas do mundo antigo, nomear as Sete Maravilhas de Salvador. Sete monumentos que s\u00e3o extra-ORDIN\u00c1RIOS no sentido de diferenciados pelo seu contexto de servi\u00e7os para l\u00e1 de inusitado.<\/p>\n<p>A <span style=\"color: #ff0000;\"><strong>primeira<\/strong><\/span> maravilha seria <strong>o <span style=\"color: #ff0000;\">Metr\u00f4<\/span><\/strong> que me parece \u00e9 hoje o maior atrativo tur\u00edstico da cidade, cart\u00e3o-postal para a Bahiatursa incluir nos seus roteiros com guias especializados informando aos visitantes como foi poss\u00edvel torrar um bilh\u00e3o de reais para erguer <span style=\"color: #ff0000;\"><strong>seis quil\u00f4metros<\/strong><\/span> de colunas de concreto e esta\u00e7\u00f5es esquisitas e como tudo isso aconteceu sob o olhar complacente e displicente de autoridades de todos os poderes. E ent\u00e3o promover viagens de helic\u00f3ptero para conferir de perto o eterno canteiro e fotografar as obras sem fim, no clima de trilha sonora da m\u00fasica <strong><span style=\"color: #ff0000;\">&#8216;Ot\u00e1rio&#8217; de C\u00e1ssia Eller<\/span>. <\/strong><\/p>\n<p><!--more--><\/p>\n<p>A <span style=\"color: #ff0000;\"><strong>segunda <\/strong><\/span>maravilha de Salvador poderia ser <span style=\"color: #ff0000;\"><strong>o Rio Lucaia<\/strong><\/span>, que corre majestoso entre as proximidades da praia do Jardim de Al\u00e1 e o Rio Vermelho e tem o seu ponto de observa\u00e7\u00e3o mais nobre, atrativo tur\u00edstico, na passarela entre a rodovi\u00e1ria e o Iguatemi. Quem v\u00ea nunca esquece e, se respira fundo, inalando ar nos pulm\u00f5es, n\u00e3o esquece mesmo.<br \/>\n<strong><br \/>\nA <\/strong><span style=\"color: #ff0000;\"><strong>terceira<\/strong><strong> <\/strong><\/span>maravilha proponho seja<span style=\"color: #ff0000;\"> <strong>a Pra\u00e7a Cayru<\/strong><\/span> com os seus casar\u00f5es centen\u00e1rios equilibrando-se entre andaimes e estacas (um desafio \u00e0s leis da engenharia) e a impon\u00eancia cl\u00e1ssica das ru\u00ednas do sobrado azulejado que um dia foi ponto de venda de uma rede de supermercados.<\/p>\n<p>A <span style=\"color: #ff0000;\"><strong>quarta<\/strong><\/span> maravilha de Salvador, essa sugest\u00e3o \u00e9 de gra\u00e7a, deve ser a<span style=\"color: #ff0000;\"> <strong>Esta\u00e7\u00e3o da Lapa<\/strong><\/span>. O roteiro tur\u00edstico poderia priorizar a observa\u00e7\u00e3o dos usu\u00e1rios se acotovelando para subir no coletivo e as ferrugens expostas, em registros fotogr\u00e1ficos impag\u00e1veis.<\/p>\n<p>Cart\u00e3o-postal da orla de Salvador, a <span style=\"color: #ff0000;\"><strong>quinta <\/strong><\/span>maravilha poderia ser <strong>o <span style=\"color: #ff0000;\">Aeroclube<\/span><\/strong>, tamb\u00e9m um monumento sem refer\u00eancia em outro lugar do planeta. Na pen\u00ednsula do Yucat\u00e1n, no M\u00e9xico, os turistas admiram as ru\u00ednas das pir\u00e2mides Maias; aqui podemos exibir as ru\u00ednas de um parque que nunca existiu e do projeto de shopping que cada vez mais se aproxima da proposta original de ser um empreendimento a c\u00e9u aberto. E bote aberto nisso.<\/p>\n<p>A <span style=\"color: #ff0000;\"><strong>sexta<\/strong><\/span> maravilha sugiro seja <strong><span style=\"color: #ff0000;\">a frota do sistema de ferryboats<\/span>:<\/strong> sucata sujeita a ficar \u00e0 deriva no mar. Nenhum outro servi\u00e7o cong\u00eanere nos oferece a possibilidade de uma aventura com essa dose de adrenalina. Os turistas poder\u00e3o fotografar as ondas batendo no conv\u00e9s, ou os banheiros sem igual no imagin\u00e1rio do terceiro mundo e ainda se deliciar com os &#8216;\u00f3timos&#8217; petiscos da cantina. E se tiverem sorte poder\u00e3o apreciar a queda de um carro na \u00e1gua.<\/p>\n<p>A <span style=\"color: #ff0000;\"><strong>s\u00e9tima <\/strong><\/span>maravilha, essa deixei para o final de prop\u00f3sito, recomendo seja o<span style=\"color: #ff0000;\"> <strong>Parque de S\u00e3o Bartolomeu<\/strong><\/span> com o diferencial de mata atl\u00e2ntica f\u00e9tida, rios de espuma desaguando pr\u00f3ximo de bares ruidosos, com suas putas alegres e malandros bebendo todas e fumando maconha; &#8216;patrim\u00f4nio ambiental&#8217; para mostrar ao mundo o tamanho de nossa burrice.<\/p>\n<p>Afinal, somos diferentes. Em nenhum outro lugar o poder p\u00fablico desafia a natureza com tamanha compet\u00eancia. \u00c9 o limite da irresponsabilidade e essa no\u00e7\u00e3o sem limite j\u00e1 \u00e9 um bom pretexto para exibir o nosso topete.<\/p>\n<p>&#8221; Livrai-me de tudo o que me trava o riso.<br \/>\nAM\u00c9M! &#8220;<\/p>\n","protected":false},"excerpt":{"rendered":"<p>Grande Rabat ! Veja se tem ALGUMA semelhan\u00e7a com os problemas da NOSSA QUERIDA Ilh\u00e9us! Abs, KDT &#8212; Lagoa do Abaet\u00e9, Elevador Lacerda e Pelourinho j\u00e1 eram. Esses cart\u00f5es-postais n\u00e3o mais existem a n\u00e3o ser no imagin\u00e1rio dos turistas. Os baianos est\u00e3o carecas de saber que o sujeito arrisca-se a encontrar as cabines do elevador [&hellip;]<\/p>\n","protected":false},"author":2,"featured_media":0,"comment_status":"open","ping_status":"open","sticky":false,"template":"","format":"standard","meta":{"_links_to":"","_links_to_target":""},"categories":[10],"tags":[],"_links":{"self":[{"href":"https:\/\/www.r2cpress.com.br\/v1\/wp-json\/wp\/v2\/posts\/26341"}],"collection":[{"href":"https:\/\/www.r2cpress.com.br\/v1\/wp-json\/wp\/v2\/posts"}],"about":[{"href":"https:\/\/www.r2cpress.com.br\/v1\/wp-json\/wp\/v2\/types\/post"}],"author":[{"embeddable":true,"href":"https:\/\/www.r2cpress.com.br\/v1\/wp-json\/wp\/v2\/users\/2"}],"replies":[{"embeddable":true,"href":"https:\/\/www.r2cpress.com.br\/v1\/wp-json\/wp\/v2\/comments?post=26341"}],"version-history":[{"count":3,"href":"https:\/\/www.r2cpress.com.br\/v1\/wp-json\/wp\/v2\/posts\/26341\/revisions"}],"predecessor-version":[{"id":26344,"href":"https:\/\/www.r2cpress.com.br\/v1\/wp-json\/wp\/v2\/posts\/26341\/revisions\/26344"}],"wp:attachment":[{"href":"https:\/\/www.r2cpress.com.br\/v1\/wp-json\/wp\/v2\/media?parent=26341"}],"wp:term":[{"taxonomy":"category","embeddable":true,"href":"https:\/\/www.r2cpress.com.br\/v1\/wp-json\/wp\/v2\/categories?post=26341"},{"taxonomy":"post_tag","embeddable":true,"href":"https:\/\/www.r2cpress.com.br\/v1\/wp-json\/wp\/v2\/tags?post=26341"}],"curies":[{"name":"wp","href":"https:\/\/api.w.org\/{rel}","templated":true}]}}